{"id":24953,"date":"2015-04-02T10:19:09","date_gmt":"2015-04-02T15:19:09","guid":{"rendered":"http:\/\/www.ambiente.gob.ec\/?p=24953"},"modified":"2015-04-02T10:19:09","modified_gmt":"2015-04-02T15:19:09","slug":"el-cicc-construye-posicion-nacional-para-la-cop-21","status":"publish","type":"post","link":"https:\/\/www.ambienteyenergia.gob.ec\/ambiente\/el-cicc-construye-posicion-nacional-para-la-cop-21\/","title":{"rendered":"El CICC construye posici\u00f3n nacional para la COP 21"},"content":{"rendered":"<p style=\"text-align: justify;\">Este 31 de marzo, la M\u00e1xima Autoridad Ambiental, Lorena Tapia, convoc\u00f3 a la Octava Reuni\u00f3n Extraordinaria del Comit\u00e9 Interinstitucional de Cambio Clim\u00e1tico (CICC), encuentro liderado por el Ministerio del Ambiente a trav\u00e9s de la Subsecretar\u00eda de Cambio Clim\u00e1tico (SCC).<\/p>\n<p style=\"text-align: justify;\">\n<p style=\"text-align: justify;\">En la reuni\u00f3n participaron representantes de las diferentes Carteras de Estado que conforman este Comit\u00e9, como el Ministerio de Coordinaci\u00f3n de Sectores Estrat\u00e9gicos (MICSE), Ministerio Coordinador de Desarrollo Social (MCDS), Ministerio de Relaciones Exteriores y Movilidad Humana (MREMH), Secretaria Nacional de Planificaci\u00f3n y Desarrollo (SENPLADES), Secretar\u00eda Nacional de Gesti\u00f3n de Riesgos (SNGR), Secretar\u00eda Nacional del Agua (SENAGUA), Secretar\u00eda Nacional de Educaci\u00f3n Superior, Ciencia, Tecnolog\u00eda e Innovaci\u00f3n (SENESCYT).<\/p>\n<p style=\"text-align: justify;\">\n<p style=\"text-align: justify;\">En el evento se comunic\u00f3 a los miembros del CICC los resultados obtenidos en la Veintava Conferencia de las Partes de la Convenci\u00f3n Marco de las Naciones Unidas sobre Cambio Clim\u00e1tico (COP 20), desarrollada en Per\u00fa en el 2014.<\/p>\n<p style=\"text-align: justify;\">\n<p style=\"text-align: justify;\">Adicionalmente, se aprob\u00f3 la conformaci\u00f3n de un Grupo de Trabajo Interinstitucional, quienes generar\u00e1n los insumos t\u00e9cnicos y pol\u00edticos necesarios para orientar la gesti\u00f3n del CICC as\u00ed como la elaboraci\u00f3n de los lineamientos de la Posici\u00f3n Nacional frente a las acciones y medidas relacionadas con el cambio clim\u00e1tico en la pr\u00f3xima COP 21 a celebrarse en Par\u00eds en diciembre de 2015.<\/p>\n<p style=\"text-align: justify;\">\n<p style=\"text-align: justify;\">Adem\u00e1s, se determinaron los compromisos para mantener una estrecha coordinaci\u00f3n y comunicaci\u00f3n , con el fin de articular la pol\u00edtica de cambio clim\u00e1tico a nivel nacional; y de esta manera evaluar los instrumentos y espacios por medio de los cuales se realce los esfuerzos que hace el Ecuador en materia de adaptaci\u00f3n <strong>y mitigaci\u00f3n<\/strong>, as\u00ed como evaluar, el trabajo relacionado con el An\u00e1lisis de las Contribuciones Previstas y Determinadas a Nivel Nacional (INDC) y las necesidades en t\u00e9rminos de financiamiento, desarrollo y transferencia de tecnolog\u00eda, y desarrollo de capacidades, da\u00f1os y riesgos, como habilitantes internos y externos de acci\u00f3n adicional para el Ecuador.<\/p>\n<p style=\"text-align: justify;\">\n<p style=\"text-align: justify;\"><strong>El dato<\/strong><\/p>\n<p style=\"text-align: justify;\">En el a\u00f1o 2014 se celebr\u00f3 la Vig\u00e9sima Conferencia de los Estados Parte de la CMNUCC \u2013COP 20, la misma que tuvo lugar en la ciudad de Lima-Per\u00fa, entre el 1 y el 12 de diciembre, prolong\u00e1ndose hasta el 14 de diciembre, el Nuevo Acuerdo Clim\u00e1tico deber\u00e1 ser aprobado en la COP 21, que tendr\u00e1 lugar en Par\u00eds en el 2015 y que entrar\u00e1 en vigor en el a\u00f1o 2020.<\/p>\n","protected":false},"excerpt":{"rendered":"<p class=\"excerpt\">Este 31 de marzo, la M\u00e1xima Autoridad Ambiental, Lorena Tapia, convoc\u00f3 a la Octava Reuni\u00f3n Extraordinaria del Comit\u00e9 Interinstitucional de Cambio Clim\u00e1tico (CICC), encuentro liderado por el Ministerio del Ambiente a trav\u00e9s de la Subsecretar\u00eda de Cambio Clim\u00e1tico (SCC). En la reuni\u00f3n participaron representantes de las diferentes Carteras de Estado que conforman este Comit\u00e9, como el Ministerio de Coordinaci\u00f3n de&hellip; <a href=\"https:\/\/www.ambienteyenergia.gob.ec\/ambiente\/el-cicc-construye-posicion-nacional-para-la-cop-21\/\">Read more &rarr;<\/a><\/p>\n","protected":false},"author":13,"featured_media":24924,"comment_status":"open","ping_status":"open","sticky":false,"template":"","format":"standard","meta":{"footnotes":""},"categories":[16,4],"tags":[],"class_list":["post-24953","post","type-post","status-publish","format-standard","has-post-thumbnail","hentry","category-comunicamos","category-noticias","xfolkentry"],"_links":{"self":[{"href":"https:\/\/www.ambienteyenergia.gob.ec\/ambiente\/wp-json\/wp\/v2\/posts\/24953","targetHints":{"allow":["GET"]}}],"collection":[{"href":"https:\/\/www.ambienteyenergia.gob.ec\/ambiente\/wp-json\/wp\/v2\/posts"}],"about":[{"href":"https:\/\/www.ambienteyenergia.gob.ec\/ambiente\/wp-json\/wp\/v2\/types\/post"}],"author":[{"embeddable":true,"href":"https:\/\/www.ambienteyenergia.gob.ec\/ambiente\/wp-json\/wp\/v2\/users\/13"}],"replies":[{"embeddable":true,"href":"https:\/\/www.ambienteyenergia.gob.ec\/ambiente\/wp-json\/wp\/v2\/comments?post=24953"}],"version-history":[{"count":0,"href":"https:\/\/www.ambienteyenergia.gob.ec\/ambiente\/wp-json\/wp\/v2\/posts\/24953\/revisions"}],"wp:featuredmedia":[{"embeddable":true,"href":"https:\/\/www.ambienteyenergia.gob.ec\/ambiente\/wp-json\/wp\/v2\/media\/24924"}],"wp:attachment":[{"href":"https:\/\/www.ambienteyenergia.gob.ec\/ambiente\/wp-json\/wp\/v2\/media?parent=24953"}],"wp:term":[{"taxonomy":"category","embeddable":true,"href":"https:\/\/www.ambienteyenergia.gob.ec\/ambiente\/wp-json\/wp\/v2\/categories?post=24953"},{"taxonomy":"post_tag","embeddable":true,"href":"https:\/\/www.ambienteyenergia.gob.ec\/ambiente\/wp-json\/wp\/v2\/tags?post=24953"}],"curies":[{"name":"wp","href":"https:\/\/api.w.org\/{rel}","templated":true}]}}