{"id":24950,"date":"2015-04-01T18:45:11","date_gmt":"2015-04-01T23:45:11","guid":{"rendered":"http:\/\/www.ambiente.gob.ec\/?p=24950"},"modified":"2015-04-01T18:45:11","modified_gmt":"2015-04-01T23:45:11","slug":"mas-de-7-millones-de-fundas-plasticas-se-evitaron-gracias-a-la-campana-conjunta-entre-el-mae-y-almacenes-tia","status":"publish","type":"post","link":"https:\/\/www.ambienteyenergia.gob.ec\/ambiente\/mas-de-7-millones-de-fundas-plasticas-se-evitaron-gracias-a-la-campana-conjunta-entre-el-mae-y-almacenes-tia\/","title":{"rendered":"M\u00e1s de 7 millones de fundas pl\u00e1sticas se evitaron gracias a la campa\u00f1a conjunta entre el MAE y Almacenes T\u00cdA"},"content":{"rendered":"<p>Esta tarde, al norte de la Capital, Almacenes T\u00eda realiz\u00f3 la presentaci\u00f3n de su plan piloto denominado Bio Cajas, que buscan promover el consumo responsable de recursos, entre ellos las fundas pl\u00e1sticas tipo camiseta. Decoradas de color verde promocionan la iniciativa &#8216;Menos fundas, m\u00e1s vida&#8217; con la leyenda: \u201cEn esta caja no se entregan fundas pl\u00e1sticas\u201d.<\/p>\n<p>Jacqueline Moya, cajera de la Bio Caja, dijo con una sonrisa a todos sus clientes \u201cbuenas tardes, bienvenido, le informo que en esta caja no se entregan fundas pl\u00e1sticas. Lo invito a traer sus fundas usadas, mochila o a adquirir uno de nuestros bolsos reutilizables\u201d.<\/p>\n<p>Como esta Bio Caja, inaugurada hoy, existen siete a nivel nacional, ubicadas tres en Guayaquil; una en Playas Villamil; una en Santa Rosa de Salinas y dos en Quito.<\/p>\n<p>Esta iniciativa es parte de la segunda fase de la campa\u00f1a Menos fundas m\u00e1s vida que se lleva a cabo de forma conjunta entre el Ministerio del Ambiente y Almacenes T\u00eda. En los seis meses que lleva esta campa\u00f1a (de septiembre 2014 a febrero 2015) se evit\u00f3 la utilizaci\u00f3n de 7 millones 200 mil fundas pl\u00e1sticas tipo camiseta, es decir m\u00e1s de 1 mill\u00f3n de fundas de transporte final mensualmente.<\/p>\n<p>Esta \u00faltima Bio Caja fue inaugurada por la Ministra del Ambiente, Lorena Tapia, quien felicit\u00f3 al personal de T\u00eda y a sus clientes por el compromiso demostrado para realizar este tipo de iniciativas y agreg\u00f3 que \u201ctienen un Ministerio amigo para seguir innovando en favor del ambiente, un ministerio que fomenta iniciativas sostenibles, iniciativas m\u00e1s verdes\u201d.<\/p>\n<p>Adem\u00e1s invit\u00f3 a m\u00e1s personas a sumarse al consumo responsable e hizo hincapi\u00e9 en el hecho de que una funda pl\u00e1stica se usa por alrededor de 15 minutos pero demora entre 200 y 1000 a\u00f1os en degradarse. \u201cTodos somos responsables de lo que consumimos y lo que generamos\u201d.<\/p>\n<p>De su lado, Melissa de la Vega, Relacionista P\u00fablica de Almacenes T\u00eda, se\u00f1al\u00f3 que \u201cjuntos podemos sumar esfuerzos para cambiar nuestros h\u00e1bitos y contribuir al cuidado de nuestro planeta. Esa es nuestra filosof\u00eda y por eso creamos las Bio Cajas. Los invitamos a compartir esta buena noticia\u201d.<\/p>\n<p>Finalmente, Shyrley Baldospinos, moradora del barrio Jipijapa, quien estuvo presente durante el evento, coment\u00f3 que ella desde hace varios a\u00f1os tiene el buen h\u00e1bito de reutilizar sus fundas, incluso las pl\u00e1sticas hasta que ya no sirvan. \u201cUno debe ser generoso con el ambiente para que nuestros hijos y nietos tengan una mejor vida. A veces solo pensamos en el hoy y no en el futuro. Por eso, felicito esta maravillosa iniciativa del Ministerio del Ambiente y Almacenes T\u00eda\u201d.\/ba-ds<\/p>\n","protected":false},"excerpt":{"rendered":"<p class=\"excerpt\">Esta tarde, al norte de la Capital, Almacenes T\u00eda realiz\u00f3 la presentaci\u00f3n de su plan piloto denominado Bio Cajas, que buscan promover el consumo responsable de recursos, entre ellos las fundas pl\u00e1sticas tipo camiseta. Decoradas de color verde promocionan la iniciativa &#8216;Menos fundas, m\u00e1s vida&#8217; con la leyenda: \u201cEn esta caja no se entregan fundas pl\u00e1sticas\u201d. Jacqueline Moya, cajera de&hellip; <a href=\"https:\/\/www.ambienteyenergia.gob.ec\/ambiente\/mas-de-7-millones-de-fundas-plasticas-se-evitaron-gracias-a-la-campana-conjunta-entre-el-mae-y-almacenes-tia\/\">Read more &rarr;<\/a><\/p>\n","protected":false},"author":13,"featured_media":24951,"comment_status":"open","ping_status":"open","sticky":false,"template":"","format":"standard","meta":{"footnotes":""},"categories":[16,4],"tags":[688,53,690,689,90,687],"class_list":["post-24950","post","type-post","status-publish","format-standard","has-post-thumbnail","hentry","category-comunicamos","category-noticias","tag-bio-cajas","tag-mae","tag-mas-vida","tag-menos-fundas","tag-pngids","tag-tia","xfolkentry"],"_links":{"self":[{"href":"https:\/\/www.ambienteyenergia.gob.ec\/ambiente\/wp-json\/wp\/v2\/posts\/24950","targetHints":{"allow":["GET"]}}],"collection":[{"href":"https:\/\/www.ambienteyenergia.gob.ec\/ambiente\/wp-json\/wp\/v2\/posts"}],"about":[{"href":"https:\/\/www.ambienteyenergia.gob.ec\/ambiente\/wp-json\/wp\/v2\/types\/post"}],"author":[{"embeddable":true,"href":"https:\/\/www.ambienteyenergia.gob.ec\/ambiente\/wp-json\/wp\/v2\/users\/13"}],"replies":[{"embeddable":true,"href":"https:\/\/www.ambienteyenergia.gob.ec\/ambiente\/wp-json\/wp\/v2\/comments?post=24950"}],"version-history":[{"count":0,"href":"https:\/\/www.ambienteyenergia.gob.ec\/ambiente\/wp-json\/wp\/v2\/posts\/24950\/revisions"}],"wp:featuredmedia":[{"embeddable":true,"href":"https:\/\/www.ambienteyenergia.gob.ec\/ambiente\/wp-json\/wp\/v2\/media\/24951"}],"wp:attachment":[{"href":"https:\/\/www.ambienteyenergia.gob.ec\/ambiente\/wp-json\/wp\/v2\/media?parent=24950"}],"wp:term":[{"taxonomy":"category","embeddable":true,"href":"https:\/\/www.ambienteyenergia.gob.ec\/ambiente\/wp-json\/wp\/v2\/categories?post=24950"},{"taxonomy":"post_tag","embeddable":true,"href":"https:\/\/www.ambienteyenergia.gob.ec\/ambiente\/wp-json\/wp\/v2\/tags?post=24950"}],"curies":[{"name":"wp","href":"https:\/\/api.w.org\/{rel}","templated":true}]}}