{"id":24935,"date":"2015-03-31T22:41:53","date_gmt":"2015-04-01T03:41:53","guid":{"rendered":"http:\/\/www.ambiente.gob.ec\/?p=24935"},"modified":"2015-04-01T09:30:10","modified_gmt":"2015-04-01T14:30:10","slug":"inb-presento-agenda-de-investigacion-en-quito","status":"publish","type":"post","link":"https:\/\/www.ambienteyenergia.gob.ec\/ambiente\/inb-presento-agenda-de-investigacion-en-quito\/","title":{"rendered":"INB present\u00f3 agenda de investigaci\u00f3n en Quito"},"content":{"rendered":"<p style=\"text-align: justify;\">El Instituto Nacional de Biodiversidad (INB) y el Ministerio del Ambiente de Ecuador (MAE) presentaron los lineamientos para la agenda de investigaci\u00f3n y el modelo de gesti\u00f3n de este instituto, a la comunidad cient\u00edfica y acad\u00e9mica, en la cual se socializ\u00f3 la l\u00ednea base de investigaci\u00f3n que tiene como objetivo la recopilaci\u00f3n y sistematizaci\u00f3n de la informaci\u00f3n sobre biodiversidad, a m\u00e1s de clasificar, organizar y analizar los resultados de las diferentes investigaciones que se realicen.<\/p>\n<p style=\"text-align: justify;\">En este sentido la Ministra de Ambiente, Lorena Tapia N\u00fa\u00f1ez, en el evento realizado en el Jard\u00edn Bot\u00e1nico de Quito, con la presencia de Fernando Rodr\u00edguez R., Director Ejecutivo del INB y Juan Manuel Carri\u00f3n, Bi\u00f3logo Naturalista resalt\u00f3 la importancia del INB que naci\u00f3 con \u201cla firme necesidad y convicci\u00f3n de conocer, conservar y valorar nuestro patrimonio natural, como el elemento soberano y estrat\u00e9gico m\u00e1s importante sobre el cual se sustenta el proceso de transformaci\u00f3n, diversificaci\u00f3n y especializaci\u00f3n productiva del pa\u00eds\u201d.<\/p>\n<p style=\"text-align: justify;\">Juan Manuel Carri\u00f3n enfatiz\u00f3 que Ecuador posee una gran biodiversidad, lo que lo convierte en una tierra rica en especies animales consecuencia de su posici\u00f3n geogr\u00e1fica. \u201cEl esfuerzo realizado por el Ministerio del Ambiente, a nivel de investigaci\u00f3n ambiental, demuestra el gran compromiso pol\u00edtico adquirido en estos \u00faltimos a\u00f1os en materia de conservaci\u00f3n y protecci\u00f3n de nuestros recursos\u201d, coment\u00f3 Carri\u00f3n.<\/p>\n<p style=\"text-align: justify;\">En marzo de 2014, mediante Decreto Ejecutivo, se cre\u00f3 el Instituto Nacional de Biodiversidad con el objetivo de generar conocimiento y desarrollar ciencia, tecnolog\u00eda e innovaci\u00f3n que requiere el Estado ecuatoriano para garantizar la conservaci\u00f3n de su patrimonio natural mediante el uso soberano, estrat\u00e9gico y sustentable de la biodiversidad y sus componentes para la consolidaci\u00f3n de la sociedad del Buen Vivir.<\/p>\n<p style=\"text-align: justify;\">\u201cEl Instituto Nacional de Biodiversidad se incluye en un modelo de investigaci\u00f3n que Genera los conocimientos necesarios para que junto al uso de tecnolog\u00edas innovadoras, satisfaga las demandas de informaci\u00f3n sobre la biodiversidad de nuestro pa\u00eds, para la consolidaci\u00f3n de la sociedad del buen vivir, de ese Ecuador verde que se consolida d\u00eda a d\u00eda, con acciones y con resultados\u201d, resalt\u00f3 en su discurso la M\u00e1xima Autoridad Ambiental.<\/p>\n<p style=\"text-align: justify;\">Por su parte Rodr\u00edguez reconoci\u00f3 que este instituto tiene como meta contribuir con la generaci\u00f3n de conocimientos ambientales con el objetivo de fortalecer la gesti\u00f3n que realiza esta Cartera de Estado como una estrategia integral para la protecci\u00f3n y garant\u00eda de los Derechos de la Naturaleza.<\/p>\n<p style=\"text-align: justify;\">El Ministerio del Ambiente, en mayo pasado, junto al Ministerio Coordinador de Conocimiento y Talento Humano y a la Secretar\u00eda Nacional de Educaci\u00f3n Superior, Ciencia, Tecnolog\u00eda e Innovaci\u00f3n, oficializ\u00f3 el Primer Directorio de este Instituto que tiene como misi\u00f3n planificar, promover, coordinar y ejecutar procesos de investigaci\u00f3n relacionados al campo de la biodiversidad, orientados a la conservaci\u00f3n y aprovechamiento sostenible de este recurso estrat\u00e9gico.<\/p>\n<p style=\"text-align: justify;\">\u201cEste motor de la producci\u00f3n de bienes y servicios derivados de la biodiversidad, que no solo permitan al ecuador diversificar la matriz de producci\u00f3n y consumo nacional, sino que est\u00e9 en la capacidad de generar una oferta exportable de productos y servicios de alto valor agregado, siempre pensando en el bienestar de los ecuatorianos y de nuestros recursos naturales\u201d, finaliz\u00f3 Lorena Tapia.\/la-ds<\/p>\n","protected":false},"excerpt":{"rendered":"<p class=\"excerpt\">El Instituto Nacional de Biodiversidad (INB) y el Ministerio del Ambiente de Ecuador (MAE) presentaron los lineamientos para la agenda de investigaci\u00f3n y el modelo de gesti\u00f3n de este instituto, a la comunidad cient\u00edfica y acad\u00e9mica, en la cual se socializ\u00f3 la l\u00ednea base de investigaci\u00f3n que tiene como objetivo la recopilaci\u00f3n y sistematizaci\u00f3n de la informaci\u00f3n sobre biodiversidad, a&hellip; <a href=\"https:\/\/www.ambienteyenergia.gob.ec\/ambiente\/inb-presento-agenda-de-investigacion-en-quito\/\">Read more &rarr;<\/a><\/p>\n","protected":false},"author":13,"featured_media":24939,"comment_status":"open","ping_status":"open","sticky":false,"template":"","format":"standard","meta":{"footnotes":""},"categories":[16,4],"tags":[387],"class_list":["post-24935","post","type-post","status-publish","format-standard","has-post-thumbnail","hentry","category-comunicamos","category-noticias","tag-mae-lorena-tapia","xfolkentry"],"_links":{"self":[{"href":"https:\/\/www.ambienteyenergia.gob.ec\/ambiente\/wp-json\/wp\/v2\/posts\/24935","targetHints":{"allow":["GET"]}}],"collection":[{"href":"https:\/\/www.ambienteyenergia.gob.ec\/ambiente\/wp-json\/wp\/v2\/posts"}],"about":[{"href":"https:\/\/www.ambienteyenergia.gob.ec\/ambiente\/wp-json\/wp\/v2\/types\/post"}],"author":[{"embeddable":true,"href":"https:\/\/www.ambienteyenergia.gob.ec\/ambiente\/wp-json\/wp\/v2\/users\/13"}],"replies":[{"embeddable":true,"href":"https:\/\/www.ambienteyenergia.gob.ec\/ambiente\/wp-json\/wp\/v2\/comments?post=24935"}],"version-history":[{"count":0,"href":"https:\/\/www.ambienteyenergia.gob.ec\/ambiente\/wp-json\/wp\/v2\/posts\/24935\/revisions"}],"wp:featuredmedia":[{"embeddable":true,"href":"https:\/\/www.ambienteyenergia.gob.ec\/ambiente\/wp-json\/wp\/v2\/media\/24939"}],"wp:attachment":[{"href":"https:\/\/www.ambienteyenergia.gob.ec\/ambiente\/wp-json\/wp\/v2\/media?parent=24935"}],"wp:term":[{"taxonomy":"category","embeddable":true,"href":"https:\/\/www.ambienteyenergia.gob.ec\/ambiente\/wp-json\/wp\/v2\/categories?post=24935"},{"taxonomy":"post_tag","embeddable":true,"href":"https:\/\/www.ambienteyenergia.gob.ec\/ambiente\/wp-json\/wp\/v2\/tags?post=24935"}],"curies":[{"name":"wp","href":"https:\/\/api.w.org\/{rel}","templated":true}]}}