{"id":24926,"date":"2015-03-31T20:33:49","date_gmt":"2015-04-01T01:33:49","guid":{"rendered":"http:\/\/www.ambiente.gob.ec\/?p=24926"},"modified":"2015-04-01T12:39:46","modified_gmt":"2015-04-01T17:39:46","slug":"respuesta-oficial-a-carta-presentada-por-colectivo-yasunidos","status":"publish","type":"post","link":"https:\/\/www.ambienteyenergia.gob.ec\/ambiente\/respuesta-oficial-a-carta-presentada-por-colectivo-yasunidos\/","title":{"rendered":"Respuesta oficial a carta presentada por Colectivo Yasunidos"},"content":{"rendered":"<p style=\"text-align: justify;\">La Subsecretaria de Calidad Ambiental, Paola Carrera, respondi\u00f3 hoy oficialmente a la carta presentada el pasado 12 de marzo por el colectivo Yasunidos respecto a la extracci\u00f3n petrolera en los bloques 31 y 43.<\/p>\n<p style=\"text-align: justify;\">\n<p style=\"text-align: justify;\">Entre los requerimientos de informaci\u00f3n del mencionado colectivo se pidi\u00f3 una respuesta respecto a su posible ingreso a los bloques para recorrer junto a la prensa el sendero ecol\u00f3gico que va desde el puerto de Chiru Isla hasta el pozo Apaika (pasando por el CPF y el pozo Nenke), dentro del parque Nacional Yasun\u00ed.<\/p>\n<p style=\"text-align: justify;\">\n<p style=\"text-align: justify;\">El Ministerio del Ambiente recalca que no puede aceptar el requerimiento respecto a su ingreso al Parque Nacional Yasun\u00ed, pues esto significar\u00eda transgredir normativa ambiental vigente y el Plan de Manejo Ambiental aprobado con la Resoluci\u00f3n 1705 del 12 de diciembre 2011. \u201cDeber\u00e1 ser el Consejo de Participaci\u00f3n Ciudadana la entidad a trav\u00e9s de la cual se coordine con el Ministerio del Ambiente los mecanismos necesarios para que una visita de las caracter\u00edsticas indicadas se realice a trav\u00e9s de la conformaci\u00f3n de una Veedur\u00eda ciudadana, que act\u00fae en pro de la vinculaci\u00f3n Estado-Sociedad que tiene como uno de sus ejes la participaci\u00f3n ciudadana, de modo que se vea plasmada en la planificaci\u00f3n del pa\u00eds con los aportes de ciudadanos y ciudadanas de los colectivos, comunas, comunidades, pueblos y nacionalidades, y dem\u00e1s formas de organizaci\u00f3n l\u00edcita, en los diversos espacios e instancias creados para la interlocuci\u00f3n entre el Estado y la sociedad\u201d, dice el documento oficial de la M\u00e1xima Autoridad Ambiental.<\/p>\n<p style=\"text-align: justify;\">\n<p style=\"text-align: justify;\">Los otras seis preguntas fueron respondidas oficialmente punto a punto en la misiva oficial remitida hoy al colectivo.<\/p>\n<p style=\"text-align: justify;\">\n<p style=\"text-align: justify;\">Desde octubre del 2013 el MAE cuenta con un Comit\u00e9 interinstitucional MAE-PNY con el objetivo de atender todos los procesos de competencia del MAE que involucren al Parque Nacional Yasun\u00ed, priorizando aquellos relacionados con el cumplimiento de la \u201cDeclaratoria de Inter\u00e9s Nacional de la Explotaci\u00f3n Petrolera de los Bloques 31 y 43\u2033 . \u201cEl Parque Nacional Yasun\u00ed es el \u00e1rea protegida mejor monitoreada del Ecuador, hemos puesto todo nuestro contigente para que el impacto ambiental de las actividades petroleras se minimicen\u201d, recalca la Ministra Lorena Tapia.<\/p>\n<p style=\"text-align: justify;\">\n<p style=\"text-align: justify;\"><img loading=\"lazy\" decoding=\"async\" class=\"aligncenter size-full wp-image-24927\" src=\"http:\/\/www.ambienteyenergia.gob.ec\/ambiente\/wp-content\/uploads\/2015\/03\/Imagen1.jpg\" alt=\"Imagen1\" width=\"455\" height=\"645\" \/><\/p>\n<p>&nbsp;<\/p>\n<p><a href=\"http:\/\/www.ambienteyenergia.gob.ec\/ambiente\/wp-content\/uploads\/2015\/03\/Imagen2.jpg\"><img loading=\"lazy\" decoding=\"async\" class=\"aligncenter size-large wp-image-24928\" src=\"http:\/\/www.ambienteyenergia.gob.ec\/ambiente\/wp-content\/uploads\/2015\/03\/Imagen2.jpg\" alt=\"Imagen2\" width=\"451\" height=\"639\" \/><\/a> <a href=\"http:\/\/www.ambienteyenergia.gob.ec\/ambiente\/wp-content\/uploads\/2015\/03\/Imagen3.jpg\"><img loading=\"lazy\" decoding=\"async\" class=\"aligncenter size-large wp-image-24929\" src=\"http:\/\/www.ambienteyenergia.gob.ec\/ambiente\/wp-content\/uploads\/2015\/03\/Imagen3.jpg\" alt=\"Imagen3\" width=\"451\" height=\"641\" \/><\/a> <a href=\"http:\/\/www.ambienteyenergia.gob.ec\/ambiente\/wp-content\/uploads\/2015\/03\/Imagen4.jpg\"><img loading=\"lazy\" decoding=\"async\" class=\"aligncenter size-large wp-image-24930\" src=\"http:\/\/www.ambienteyenergia.gob.ec\/ambiente\/wp-content\/uploads\/2015\/03\/Imagen4.jpg\" alt=\"Imagen4\" width=\"450\" height=\"643\" \/><\/a> <a href=\"http:\/\/www.ambienteyenergia.gob.ec\/ambiente\/wp-content\/uploads\/2015\/03\/Imagen5.jpg\"><img loading=\"lazy\" decoding=\"async\" class=\"aligncenter size-large wp-image-24931\" src=\"http:\/\/www.ambienteyenergia.gob.ec\/ambiente\/wp-content\/uploads\/2015\/03\/Imagen5.jpg\" alt=\"Imagen5\" width=\"446\" height=\"628\" \/><\/a> <a href=\"http:\/\/www.ambienteyenergia.gob.ec\/ambiente\/wp-content\/uploads\/2015\/03\/Imagen6.jpg\"><img loading=\"lazy\" decoding=\"async\" class=\"aligncenter size-large wp-image-24932\" src=\"http:\/\/www.ambienteyenergia.gob.ec\/ambiente\/wp-content\/uploads\/2015\/03\/Imagen6.jpg\" alt=\"Imagen6\" width=\"451\" height=\"643\" \/><\/a><\/p>\n","protected":false},"excerpt":{"rendered":"<p class=\"excerpt\">La Subsecretaria de Calidad Ambiental, Paola Carrera, respondi\u00f3 hoy oficialmente a la carta presentada el pasado 12 de marzo por el colectivo Yasunidos respecto a la extracci\u00f3n petrolera en los bloques 31 y 43. Entre los requerimientos de informaci\u00f3n del mencionado colectivo se pidi\u00f3 una respuesta respecto a su posible ingreso a los bloques para recorrer junto a la prensa&hellip; <a href=\"https:\/\/www.ambienteyenergia.gob.ec\/ambiente\/respuesta-oficial-a-carta-presentada-por-colectivo-yasunidos\/\">Read more &rarr;<\/a><\/p>\n","protected":false},"author":13,"featured_media":24924,"comment_status":"open","ping_status":"open","sticky":false,"template":"","format":"standard","meta":{"footnotes":""},"categories":[16,4,10],"tags":[],"class_list":["post-24926","post","type-post","status-publish","format-standard","has-post-thumbnail","hentry","category-comunicamos","category-noticias","category-noticias-destacadas","xfolkentry"],"_links":{"self":[{"href":"https:\/\/www.ambienteyenergia.gob.ec\/ambiente\/wp-json\/wp\/v2\/posts\/24926","targetHints":{"allow":["GET"]}}],"collection":[{"href":"https:\/\/www.ambienteyenergia.gob.ec\/ambiente\/wp-json\/wp\/v2\/posts"}],"about":[{"href":"https:\/\/www.ambienteyenergia.gob.ec\/ambiente\/wp-json\/wp\/v2\/types\/post"}],"author":[{"embeddable":true,"href":"https:\/\/www.ambienteyenergia.gob.ec\/ambiente\/wp-json\/wp\/v2\/users\/13"}],"replies":[{"embeddable":true,"href":"https:\/\/www.ambienteyenergia.gob.ec\/ambiente\/wp-json\/wp\/v2\/comments?post=24926"}],"version-history":[{"count":0,"href":"https:\/\/www.ambienteyenergia.gob.ec\/ambiente\/wp-json\/wp\/v2\/posts\/24926\/revisions"}],"wp:featuredmedia":[{"embeddable":true,"href":"https:\/\/www.ambienteyenergia.gob.ec\/ambiente\/wp-json\/wp\/v2\/media\/24924"}],"wp:attachment":[{"href":"https:\/\/www.ambienteyenergia.gob.ec\/ambiente\/wp-json\/wp\/v2\/media?parent=24926"}],"wp:term":[{"taxonomy":"category","embeddable":true,"href":"https:\/\/www.ambienteyenergia.gob.ec\/ambiente\/wp-json\/wp\/v2\/categories?post=24926"},{"taxonomy":"post_tag","embeddable":true,"href":"https:\/\/www.ambienteyenergia.gob.ec\/ambiente\/wp-json\/wp\/v2\/tags?post=24926"}],"curies":[{"name":"wp","href":"https:\/\/api.w.org\/{rel}","templated":true}]}}