{"id":24923,"date":"2015-03-31T19:37:40","date_gmt":"2015-04-01T00:37:40","guid":{"rendered":"http:\/\/www.ambiente.gob.ec\/?p=24923"},"modified":"2015-03-31T19:39:16","modified_gmt":"2015-04-01T00:39:16","slug":"municipio-de-guayaquil-tiene-que-responder-por-los-asentamientos-ilegales-en-zona-protegida-nunca-hizo-control-alguno","status":"publish","type":"post","link":"https:\/\/www.ambienteyenergia.gob.ec\/ambiente\/municipio-de-guayaquil-tiene-que-responder-por-los-asentamientos-ilegales-en-zona-protegida-nunca-hizo-control-alguno\/","title":{"rendered":"\u201cMunicipio de Guayaquil tiene que responder por los asentamientos ilegales  en zona protegida, nunca hizo control alguno\u201d"},"content":{"rendered":"<p class=\"Predeterminado\" style=\"color: #000000; text-align: justify;\"><span lang=\"ES-EC\">Sobre las acciones ejecutadas por la Secretar\u00eda T\u00e9cnica de Asentamientos Humanos Irregulares en el sector de la Trinitaria, la Ministra del Ambiente, Lorena Tapia,\u00a0 es enf\u00e1tica al se\u00f1alar al Municipio de Guayaquil como responsable de los asentamientos ilegales que jam\u00e1s se controlaron a orillas del Estero Salado durante a\u00f1os, mucho antes, incluso, de que la zona del Estero Salado haya sido declarada \u00c1rea Protegida por esta Cartera de Estado con el objetivo de\u00a0 recuperar este espacio y promover el cuidado y mejoramiento de la calidad de vida en Guayaquil.\u00a0 \u201c<span id=\"OBJ_PREFIX_DWT181_com_zimbra_date\" class=\"Object\" style=\"color: #00008b;\">Hoy<\/span>\u00a0vemos a la Municipilidad de Guayaquiil en la m\u00e1s \u00e1gil reacci\u00f3n, cuando por a\u00f1os no atendi\u00f3 la problem\u00e1tica ambiental y de condiciones de vida de los habitantes de la zona, como es su competencia, el uso de suelo en zonas vulnerables, como son las riberas del Estero Salado\u201d, coment\u00f3 Tapia.<\/span><\/p>\n<p class=\"Predeterminado\" style=\"color: #000000; text-align: justify;\"><span lang=\"ES-EC\">\u00a0<\/span><\/p>\n<p class=\"Predeterminado\" style=\"color: #000000; text-align: justify;\"><span lang=\"ES-EC\">El Ministerio del Ambiente ejecuta varias actividades en el Estero Salado con el objetivo de lograr su remediaci\u00f3n integral, por medio de la efectiva aplicaci\u00f3n de estrategias para su recuperaci\u00f3n, en cumplimiento a las competencias de esta Cartera de Estado que, a trav\u00e9s de su Proyecto Guayaquil Ecol\u00f3gico ha logrado el cierre de 63 tuber\u00edas ilegales que vert\u00edan desechos al este brazo de\u00a0<span id=\"OBJ_PREFIX_DWT182_com_zimbra_date\" class=\"Object\" style=\"color: #00008b;\">mar<\/span>, adem\u00e1s de la remoci\u00f3n de 12 600 m<sup>3\u00a0<\/sup>de rellenos y 5 000 m<sup>3\u00a0<\/sup>\u00a0de sedimentos.<\/span><\/p>\n<p class=\"Predeterminado\" style=\"color: #000000; text-align: justify;\"><span lang=\"ES-EC\">\u00a0<\/span><\/p>\n<p class=\"Predeterminado\" style=\"color: #000000; text-align: justify;\"><span lang=\"ES-EC\">\u201cEn el caso del Municipio de Guayaquil es una autoridad ambiental acreditada por el Ministerio por lo tanto debe promover el correcto uso\u00a0 de suelo y promover la protecci\u00f3n del \u00e1rea protegida\u201d, recalc\u00f3 la M\u00e1xima Autoridad Ambiental.<\/span><\/p>\n<p class=\"Predeterminado\" style=\"color: #000000; text-align: justify;\"><span lang=\"ES-EC\">\u00a0<\/span><\/p>\n<p class=\"Predeterminado\" style=\"color: #000000; text-align: justify;\"><span lang=\"ES-EC\">El Gobierno Nacional, a trav\u00e9s del Ministerio del Ambiente y otras insituciones involucradas\u00a0 cuida la calidad de vida\u00a0 de los ciudadanos, y las acciones que\u00a0 debieron ser ejercidas por una autoridad municipal responsable son emprendidas\u00a0<span id=\"OBJ_PREFIX_DWT183_com_zimbra_date\" class=\"Object\" style=\"color: #00008b;\">hoy<\/span>\u00a0por el Gobierno con resultados concretos\u00a0 visibles que promueven\u00a0 una vida digna para todos.\u00a0<\/span><\/p>\n","protected":false},"excerpt":{"rendered":"<p class=\"excerpt\">Sobre las acciones ejecutadas por la Secretar\u00eda T\u00e9cnica de Asentamientos Humanos Irregulares en el sector de la Trinitaria, la Ministra del Ambiente, Lorena Tapia,\u00a0 es enf\u00e1tica al se\u00f1alar al Municipio de Guayaquil como responsable de los asentamientos ilegales que jam\u00e1s se controlaron a orillas del Estero Salado durante a\u00f1os, mucho antes, incluso, de que la zona del Estero Salado haya&hellip; <a href=\"https:\/\/www.ambienteyenergia.gob.ec\/ambiente\/municipio-de-guayaquil-tiene-que-responder-por-los-asentamientos-ilegales-en-zona-protegida-nunca-hizo-control-alguno\/\">Read more &rarr;<\/a><\/p>\n","protected":false},"author":13,"featured_media":24924,"comment_status":"open","ping_status":"open","sticky":false,"template":"","format":"standard","meta":{"footnotes":""},"categories":[16,4,10],"tags":[],"class_list":["post-24923","post","type-post","status-publish","format-standard","has-post-thumbnail","hentry","category-comunicamos","category-noticias","category-noticias-destacadas","xfolkentry"],"_links":{"self":[{"href":"https:\/\/www.ambienteyenergia.gob.ec\/ambiente\/wp-json\/wp\/v2\/posts\/24923","targetHints":{"allow":["GET"]}}],"collection":[{"href":"https:\/\/www.ambienteyenergia.gob.ec\/ambiente\/wp-json\/wp\/v2\/posts"}],"about":[{"href":"https:\/\/www.ambienteyenergia.gob.ec\/ambiente\/wp-json\/wp\/v2\/types\/post"}],"author":[{"embeddable":true,"href":"https:\/\/www.ambienteyenergia.gob.ec\/ambiente\/wp-json\/wp\/v2\/users\/13"}],"replies":[{"embeddable":true,"href":"https:\/\/www.ambienteyenergia.gob.ec\/ambiente\/wp-json\/wp\/v2\/comments?post=24923"}],"version-history":[{"count":0,"href":"https:\/\/www.ambienteyenergia.gob.ec\/ambiente\/wp-json\/wp\/v2\/posts\/24923\/revisions"}],"wp:featuredmedia":[{"embeddable":true,"href":"https:\/\/www.ambienteyenergia.gob.ec\/ambiente\/wp-json\/wp\/v2\/media\/24924"}],"wp:attachment":[{"href":"https:\/\/www.ambienteyenergia.gob.ec\/ambiente\/wp-json\/wp\/v2\/media?parent=24923"}],"wp:term":[{"taxonomy":"category","embeddable":true,"href":"https:\/\/www.ambienteyenergia.gob.ec\/ambiente\/wp-json\/wp\/v2\/categories?post=24923"},{"taxonomy":"post_tag","embeddable":true,"href":"https:\/\/www.ambienteyenergia.gob.ec\/ambiente\/wp-json\/wp\/v2\/tags?post=24923"}],"curies":[{"name":"wp","href":"https:\/\/api.w.org\/{rel}","templated":true}]}}