{"id":24918,"date":"2015-03-31T13:37:40","date_gmt":"2015-03-31T18:37:40","guid":{"rendered":"http:\/\/www.ambiente.gob.ec\/?p=24918"},"modified":"2015-03-31T16:37:59","modified_gmt":"2015-03-31T21:37:59","slug":"ministerio-del-ambiente-crea-espacios-de-concertacion-para-promover-la-investigacion-en-cambio-climatico","status":"publish","type":"post","link":"https:\/\/www.ambienteyenergia.gob.ec\/ambiente\/ministerio-del-ambiente-crea-espacios-de-concertacion-para-promover-la-investigacion-en-cambio-climatico\/","title":{"rendered":"Ministerio del Ambiente crea espacios de concertaci\u00f3n para promover la investigaci\u00f3n en cambio clim\u00e1tico"},"content":{"rendered":"<p style=\"margin-bottom: 0cm; font-style: normal; line-height: 150%;\" align=\"JUSTIFY\"><span style=\"font-family: Arial,sans-serif;\">Este 30 de marzo inici\u00f3 el primer d\u00eda del \u201cTaller de presentaci\u00f3n de avances en la investigaci\u00f3n sobre cambio clim\u00e1tico en el Ecuador y la articulaci\u00f3n institucional\u201d al que asistieron la M\u00e1xima Autoridad Ambiental, Lorena Tapia N\u00fa\u00f1ez; Andr\u00e9s Hubenthal, Subsecretario de Cambio Clim\u00e1tico del Ministerio del Ambiente (MAE); Nuno Queiros, Representante Adjunto de Programa para el Desarrollo de Naciones Unidas para Ecuador (PNUD); Jaime Medina, Subsecretario de Investigaci\u00f3n Cient\u00edfica de la Secretar\u00eda de Educaci\u00f3n Superior, Ciencia, Tecnolog\u00eda e Innovaci\u00f3n (SENECYT); y Ximena Ulloa, Coordinadora de Planificaci\u00f3n Ambiental del MAE, quienes hablaron acerca de los aportes de cada una de las instituciones en la promoci\u00f3n y ejecuci\u00f3n para la investigaci\u00f3n de los impactos del cambio clim\u00e1tico. <\/span><\/p>\n<p style=\"margin-bottom: 0cm; font-style: normal; line-height: 150%;\" align=\"JUSTIFY\"><span style=\"font-family: Arial,sans-serif;\">Esta iniciativa promueve la articulaci\u00f3n entre diferentes sectores con el fin de dinamizar un di\u00e1logo constructivo que permita fortalecer la investigaci\u00f3n aplicada e interdisciplinaria en temas relacionados con este fen\u00f3meno<\/span><\/p>\n<p style=\"margin-bottom: 0cm; font-style: normal; line-height: 150%;\" align=\"JUSTIFY\"><span style=\"font-family: Arial,sans-serif;\">En este contexto, Tapia, manifest\u00f3: \u201cLa creaci\u00f3n y fortalecimiento de redes multidisciplinarias es clave para dinamizar la investigaci\u00f3n, nutrir el debate sobre cambio clim\u00e1tico, en este sentido los investigadores juegan un rol clave en la generaci\u00f3n de espacios de articulaci\u00f3n de pol\u00edticas e iniciativas de car\u00e1cter local. Es necesario garantizar el acceso a la documentaci\u00f3n acad\u00e9mica, para lo cual el repositorio de informaci\u00f3n por parte del Sistema \u00danico de Informaci\u00f3n Ambiental (SUIA) es de vital importancia para fortaleces este enfoque de trabajo en conjunto\u201d. <\/span><\/p>\n<p style=\"margin-bottom: 0cm; font-style: normal; line-height: 150%;\" align=\"JUSTIFY\"><span style=\"font-family: Arial,sans-serif;\">Cabe indicar que esta Cartera de Estado, ejerce la rector\u00eda en cambi\u00f3 clim\u00e1tico a trav\u00e9s de la Subsecretar\u00eda de Cambio Clim\u00e1tico, la cual entre sus objetivos tiene la prioridad de fortalecer capacidades a trav\u00e9s del desarrollo de acciones dirigidas a mejorar el conocimiento, y as\u00ed establecer metodolog\u00edas que refuercen la capacidad coordinada del cambio clim\u00e1tico. <\/span><\/p>\n<p style=\"margin-bottom: 0cm; font-style: normal; line-height: 150%;\" align=\"JUSTIFY\"><span style=\"font-family: Arial,sans-serif;\">Adem\u00e1s, en este espacio se resalt\u00f3 la importancia del trabajo conjunto para desarrollar acciones concretas que mitiguen los impactos que este fen\u00f3meno causa a nivel mundial, as\u00ed lo resalt\u00f3 el representante del PNUD: \u201cEl Programa de las Naciones Unidas para el Desarrollo, apoya al MAE en la implementaci\u00f3n y ejecuci\u00f3n de varios proyectos que buscan fortalecer la capacidad de reducir conflictos y el riesgo de desastres como el resultado de fen\u00f3menos naturales vinculados al cambio clim\u00e1tico. La importancia de nuestra alianza consiste en el avance hacia un desarrollo humano sostenible y la conservaci\u00f3n de la biodiversidad, resultados que se consiguen a trav\u00e9s del involucramiento de las instituciones p\u00fablicas y de sus autoridades, actores locales, as\u00ed como centros e institutos de investigaci\u00f3n esto promueve iniciativas pol\u00edticas, programas y proyectos enmarcados en la gesti\u00f3n de los recursos naturales y del ambiente\u201d. <\/span><\/p>\n<p style=\"margin-bottom: 0cm; font-style: normal; line-height: 150%;\" align=\"JUSTIFY\"><span style=\"font-family: Arial,sans-serif;\">El taller concluir\u00e1 el d\u00eda 30 de marzo y se espera que este espacio en el que se articulan tomadores de decisi\u00f3n con representantes del sector acad\u00e9mico e investigador, sea la oportunidad para conocer el estado actual de la investigaci\u00f3n sobre cambio clim\u00e1tico en el Ecuador, revisar y ajustar la hoja de ruta propuesta que orienta la actualizaci\u00f3n de la agenda de investigaci\u00f3n con respecto a este fen\u00f3meno y levantar un directorio de profesores, investigadores e instituciones vinculados a esta tem\u00e1tica. <\/span><\/p>\n","protected":false},"excerpt":{"rendered":"<p class=\"excerpt\">Este 30 de marzo inici\u00f3 el primer d\u00eda del \u201cTaller de presentaci\u00f3n de avances en la investigaci\u00f3n sobre cambio clim\u00e1tico en el Ecuador y la articulaci\u00f3n institucional\u201d al que asistieron la M\u00e1xima Autoridad Ambiental, Lorena Tapia N\u00fa\u00f1ez; Andr\u00e9s Hubenthal, Subsecretario de Cambio Clim\u00e1tico del Ministerio del Ambiente (MAE); Nuno Queiros, Representante Adjunto de Programa para el Desarrollo de Naciones Unidas&hellip; <a href=\"https:\/\/www.ambienteyenergia.gob.ec\/ambiente\/ministerio-del-ambiente-crea-espacios-de-concertacion-para-promover-la-investigacion-en-cambio-climatico\/\">Read more &rarr;<\/a><\/p>\n","protected":false},"author":13,"featured_media":23214,"comment_status":"open","ping_status":"open","sticky":false,"template":"","format":"standard","meta":{"footnotes":""},"categories":[16,4],"tags":[],"class_list":["post-24918","post","type-post","status-publish","format-standard","has-post-thumbnail","hentry","category-comunicamos","category-noticias","xfolkentry"],"_links":{"self":[{"href":"https:\/\/www.ambienteyenergia.gob.ec\/ambiente\/wp-json\/wp\/v2\/posts\/24918","targetHints":{"allow":["GET"]}}],"collection":[{"href":"https:\/\/www.ambienteyenergia.gob.ec\/ambiente\/wp-json\/wp\/v2\/posts"}],"about":[{"href":"https:\/\/www.ambienteyenergia.gob.ec\/ambiente\/wp-json\/wp\/v2\/types\/post"}],"author":[{"embeddable":true,"href":"https:\/\/www.ambienteyenergia.gob.ec\/ambiente\/wp-json\/wp\/v2\/users\/13"}],"replies":[{"embeddable":true,"href":"https:\/\/www.ambienteyenergia.gob.ec\/ambiente\/wp-json\/wp\/v2\/comments?post=24918"}],"version-history":[{"count":0,"href":"https:\/\/www.ambienteyenergia.gob.ec\/ambiente\/wp-json\/wp\/v2\/posts\/24918\/revisions"}],"wp:featuredmedia":[{"embeddable":true,"href":"https:\/\/www.ambienteyenergia.gob.ec\/ambiente\/wp-json\/wp\/v2\/media\/23214"}],"wp:attachment":[{"href":"https:\/\/www.ambienteyenergia.gob.ec\/ambiente\/wp-json\/wp\/v2\/media?parent=24918"}],"wp:term":[{"taxonomy":"category","embeddable":true,"href":"https:\/\/www.ambienteyenergia.gob.ec\/ambiente\/wp-json\/wp\/v2\/categories?post=24918"},{"taxonomy":"post_tag","embeddable":true,"href":"https:\/\/www.ambienteyenergia.gob.ec\/ambiente\/wp-json\/wp\/v2\/tags?post=24918"}],"curies":[{"name":"wp","href":"https:\/\/api.w.org\/{rel}","templated":true}]}}