{"id":24890,"date":"2015-03-24T09:50:41","date_gmt":"2015-03-24T14:50:41","guid":{"rendered":"http:\/\/www.ambiente.gob.ec\/?p=24890"},"modified":"2015-03-30T09:51:11","modified_gmt":"2015-03-30T14:51:11","slug":"ecuador-es-la-sede-del-i-taller-regional-de-recursos-financieros-para-conservar-la-biodiversidad-y-promover-el-desarrollo-sostenible","status":"publish","type":"post","link":"https:\/\/www.ambienteyenergia.gob.ec\/ambiente\/ecuador-es-la-sede-del-i-taller-regional-de-recursos-financieros-para-conservar-la-biodiversidad-y-promover-el-desarrollo-sostenible\/","title":{"rendered":"Ecuador es la sede del I Taller Regional de Recursos Financieros para Conservar la Biodiversidad y Promover el Desarrollo Sostenible"},"content":{"rendered":"<p style=\"margin-bottom: 0cm; text-align: justify;\"><span style=\"font-family: Calibri,sans-serif;\"><span style=\"font-size: medium;\">Hoy se inaugur\u00f3 en Quito el I Taller Regional de la Iniciativa para el Financiamiento de la Conservaci\u00f3n de Biodiversidad\u00a0(BIOFIN), organizado por el Ministerio del Ambiente de Ecuador y el Programa de las Naciones Unidas para el Desarrollo (PNUD). \u00a0El \u00a0objetivo \u00a0de este encuentro es lograr el desarrollo sostenible a trav\u00e9s de inversiones en la biodiversidad y los ecosistemas.\u00a0<\/span><\/span><\/p>\n<p style=\"margin-bottom: 0cm; text-align: justify;\"><span style=\"font-family: Calibri,sans-serif;\"><span style=\"font-size: medium;\">Delegaciones de Per\u00fa, M\u00e9xico, Belice, Ecuador, Costa Rica, Chile y Guatemala participar\u00e1n en este encuentro, que se prolongar\u00e1 hasta el 26 de marzo, fortaleciendo as\u00ed la construcci\u00f3n de pol\u00edticas p\u00fablicas y marcos financieros que permitan incrementar la inversi\u00f3n en la gesti\u00f3n de la biodiversidad.<\/span><\/span><\/p>\n<p style=\"margin-bottom: 0cm; text-align: justify;\"><span style=\"font-family: Calibri,sans-serif;\"><span style=\"font-size: medium;\">Nuno Queiros, representante adjunto del PNUD en Ecuador, se\u00f1ala que en el mundo nuestra regi\u00f3n es un importante h\u00e1bitat para la biodiversidad y a\u00f1adi\u00f3 que \u00a0en este sentido, es necesario un mayor financiamiento, con el fin de \u00a0que cada pa\u00eds asegure la preservaci\u00f3n de sus recursos ecosist\u00e9micos necesarios para el desarrollo sostenible de la sociedad.<\/span><\/span><\/p>\n<p style=\"margin-bottom: 0cm; text-align: justify;\"><span style=\"font-family: Calibri,sans-serif;\"><span style=\"font-size: medium;\"><span style=\"text-decoration: underline;\"><b>Objetivos<\/b><\/span><\/span><\/span><\/p>\n<p style=\"margin-bottom: 0.5cm; text-align: justify;\"><span style=\"font-family: Calibri,sans-serif;\"><span style=\"font-size: medium;\">Algunos de los acuerdos que se quieren lograr durante estos tres d\u00edas de taller son:\u00a0<\/span><\/span><\/p>\n<ul style=\"text-align: justify;\">\n<li>\n<p style=\"margin-bottom: 0cm;\"><span style=\"font-family: Calibri,sans-serif;\"><span style=\"font-size: medium;\">Un marco de trabajo para la incorporaci\u00f3n de la biodiversidad en los programas de desarrollo nacional y sectorial;\u00a0 <\/span><\/span><\/p>\n<\/li>\n<li>\n<p style=\"margin-bottom: 0cm;\"><span style=\"font-family: Calibri,sans-serif;\"><span style=\"font-size: medium;\">Una metodolog\u00eda para evaluar las necesidades de financiaci\u00f3n de la biodiversidad de cada pa\u00eds;\u00a0 <\/span><\/span><\/p>\n<\/li>\n<li><span style=\"font-family: Calibri,sans-serif;\"><span style=\"font-size: medium;\">Un marco para el financiamiento de la biodiversidad a nivel nacional. <\/span><\/span><\/li>\n<\/ul>\n<p style=\"text-align: justify;\"><span style=\"font-family: Calibri,sans-serif;\"><span style=\"font-size: small;\"><b>Fuente:<\/b><\/span><\/span><span style=\"font-family: Calibri,sans-serif;\"><span style=\"font-size: small;\"><i>http:\/\/www.ec.undp.org\/<\/i><\/span><\/span><\/p>\n","protected":false},"excerpt":{"rendered":"<p class=\"excerpt\">Hoy se inaugur\u00f3 en Quito el I Taller Regional de la Iniciativa para el Financiamiento de la Conservaci\u00f3n de Biodiversidad\u00a0(BIOFIN), organizado por el Ministerio del Ambiente de Ecuador y el Programa de las Naciones Unidas para el Desarrollo (PNUD). \u00a0El \u00a0objetivo \u00a0de este encuentro es lograr el desarrollo sostenible a trav\u00e9s de inversiones en la biodiversidad y los ecosistemas.\u00a0 Delegaciones&hellip; <a href=\"https:\/\/www.ambienteyenergia.gob.ec\/ambiente\/ecuador-es-la-sede-del-i-taller-regional-de-recursos-financieros-para-conservar-la-biodiversidad-y-promover-el-desarrollo-sostenible\/\">Read more &rarr;<\/a><\/p>\n","protected":false},"author":13,"featured_media":23214,"comment_status":"open","ping_status":"open","sticky":false,"template":"","format":"standard","meta":{"footnotes":""},"categories":[16,4],"tags":[],"class_list":["post-24890","post","type-post","status-publish","format-standard","has-post-thumbnail","hentry","category-comunicamos","category-noticias","xfolkentry"],"_links":{"self":[{"href":"https:\/\/www.ambienteyenergia.gob.ec\/ambiente\/wp-json\/wp\/v2\/posts\/24890","targetHints":{"allow":["GET"]}}],"collection":[{"href":"https:\/\/www.ambienteyenergia.gob.ec\/ambiente\/wp-json\/wp\/v2\/posts"}],"about":[{"href":"https:\/\/www.ambienteyenergia.gob.ec\/ambiente\/wp-json\/wp\/v2\/types\/post"}],"author":[{"embeddable":true,"href":"https:\/\/www.ambienteyenergia.gob.ec\/ambiente\/wp-json\/wp\/v2\/users\/13"}],"replies":[{"embeddable":true,"href":"https:\/\/www.ambienteyenergia.gob.ec\/ambiente\/wp-json\/wp\/v2\/comments?post=24890"}],"version-history":[{"count":0,"href":"https:\/\/www.ambienteyenergia.gob.ec\/ambiente\/wp-json\/wp\/v2\/posts\/24890\/revisions"}],"wp:featuredmedia":[{"embeddable":true,"href":"https:\/\/www.ambienteyenergia.gob.ec\/ambiente\/wp-json\/wp\/v2\/media\/23214"}],"wp:attachment":[{"href":"https:\/\/www.ambienteyenergia.gob.ec\/ambiente\/wp-json\/wp\/v2\/media?parent=24890"}],"wp:term":[{"taxonomy":"category","embeddable":true,"href":"https:\/\/www.ambienteyenergia.gob.ec\/ambiente\/wp-json\/wp\/v2\/categories?post=24890"},{"taxonomy":"post_tag","embeddable":true,"href":"https:\/\/www.ambienteyenergia.gob.ec\/ambiente\/wp-json\/wp\/v2\/tags?post=24890"}],"curies":[{"name":"wp","href":"https:\/\/api.w.org\/{rel}","templated":true}]}}