{"id":24887,"date":"2015-03-29T18:38:12","date_gmt":"2015-03-29T23:38:12","guid":{"rendered":"http:\/\/www.ambiente.gob.ec\/?p=24887"},"modified":"2015-04-02T14:14:35","modified_gmt":"2015-04-02T19:14:35","slug":"24887","status":"publish","type":"post","link":"https:\/\/www.ambienteyenergia.gob.ec\/ambiente\/24887\/","title":{"rendered":"La Hora del Planeta se celebra en Ecuador"},"content":{"rendered":"<p style=\"text-align: justify;\">El \u00faltimo domingo de marzo desde hace ocho a\u00f1os , la consciencia ambiental de miles de personas alrededor del mundo se unen en un evento simb\u00f3lico denominado \u201cLa Hora del Planeta\u201d, en el que comunidades y ciudades apagan voluntariamente las luces, durante una hora, como una manifestaci\u00f3n a favor del planeta.<\/p>\n<p style=\"text-align: justify;\">Ecuador considerado uno de los pa\u00edses m\u00e1s megadiversos del mundo fue part\u00edcipe de esta campa\u00f1a, uno de los escenarios m\u00e1s representativos en el pa\u00eds d\u00f3nde se llevaron a cabo numerosas actividades, fue la provincia de Gal\u00e1pagos, lugar emblem\u00e1tico no solo para los ecuatorianos sino que es un referente mundial de conservaci\u00f3n de ecosistemas \u00fanicos.<\/p>\n<p style=\"text-align: justify;\">La Ministra del Ambiente, Lorena Tapia, resalt\u00f3 la belleza de esta provincia y a su vez la fragilidad de los ecosistemas que la conforman, adem\u00e1s, reconoci\u00f3 que el Archipi\u00e9lago es uno de los mejores lugares patrimoniales conservados del mundo gracias a las acciones conjuntas que emprenden sus pobladores y las autoridades locales.<\/p>\n<p style=\"text-align: justify;\">Asimismo, Tapia felicit\u00f3 a los habitantes de este sector y a las autoridades por ser la primera provincia del pa\u00eds en aprobar la resoluci\u00f3n que proh\u00edbe el uso de fundas pl\u00e1sticas y envases de poliestireno, al respecto dijo: \u201cGran noticia, nos hace pensar que con alternativas amigables con el entorno, la aplicaci\u00f3n de esta importante norma colocar\u00e1 una vez m\u00e1s a Gal\u00e1pagos como un ejemplo para el mundo\u201d.<\/p>\n<p style=\"text-align: justify;\">El MAE es un actor clave para que esta normativa, m\u00e1s all\u00e1 de ser impuesta sea aceptada por cada sector con responsabilidad y un serio compromiso ambiental, entendiendo que las peque\u00f1as acciones construyen el camino de grandes logros.<\/p>\n<p style=\"text-align: justify;\"><strong>El dato<\/strong><\/p>\n<p style=\"text-align: justify;\">En el pa\u00eds las ciudades de Quito, Guayaquil, Puerto Ayora y Santa Cruz se sumaron a la Hora del Planeta, durante una hora monumentos y lugares emblem\u00e1ticos de estas ciudades como son la Plaza San Francisco, Plaza Grande, Virgen del Panecillo, Malec\u00f3n 2000, Parque Seminario, Plaza del Centenario, el Parque San Francisco en Puerto Ayora, Santa Cruz, entre otros.<\/p>\n","protected":false},"excerpt":{"rendered":"<p class=\"excerpt\">El \u00faltimo domingo de marzo desde hace ocho a\u00f1os , la consciencia ambiental de miles de personas alrededor del mundo se unen en un evento simb\u00f3lico denominado \u201cLa Hora del Planeta\u201d, en el que comunidades y ciudades apagan voluntariamente las luces, durante una hora, como una manifestaci\u00f3n a favor del planeta. Ecuador considerado uno de los pa\u00edses m\u00e1s megadiversos del&hellip; <a href=\"https:\/\/www.ambienteyenergia.gob.ec\/ambiente\/24887\/\">Read more &rarr;<\/a><\/p>\n","protected":false},"author":13,"featured_media":24915,"comment_status":"open","ping_status":"open","sticky":false,"template":"","format":"standard","meta":{"footnotes":""},"categories":[16,4],"tags":[],"class_list":["post-24887","post","type-post","status-publish","format-standard","has-post-thumbnail","hentry","category-comunicamos","category-noticias","xfolkentry"],"_links":{"self":[{"href":"https:\/\/www.ambienteyenergia.gob.ec\/ambiente\/wp-json\/wp\/v2\/posts\/24887","targetHints":{"allow":["GET"]}}],"collection":[{"href":"https:\/\/www.ambienteyenergia.gob.ec\/ambiente\/wp-json\/wp\/v2\/posts"}],"about":[{"href":"https:\/\/www.ambienteyenergia.gob.ec\/ambiente\/wp-json\/wp\/v2\/types\/post"}],"author":[{"embeddable":true,"href":"https:\/\/www.ambienteyenergia.gob.ec\/ambiente\/wp-json\/wp\/v2\/users\/13"}],"replies":[{"embeddable":true,"href":"https:\/\/www.ambienteyenergia.gob.ec\/ambiente\/wp-json\/wp\/v2\/comments?post=24887"}],"version-history":[{"count":0,"href":"https:\/\/www.ambienteyenergia.gob.ec\/ambiente\/wp-json\/wp\/v2\/posts\/24887\/revisions"}],"wp:featuredmedia":[{"embeddable":true,"href":"https:\/\/www.ambienteyenergia.gob.ec\/ambiente\/wp-json\/wp\/v2\/media\/24915"}],"wp:attachment":[{"href":"https:\/\/www.ambienteyenergia.gob.ec\/ambiente\/wp-json\/wp\/v2\/media?parent=24887"}],"wp:term":[{"taxonomy":"category","embeddable":true,"href":"https:\/\/www.ambienteyenergia.gob.ec\/ambiente\/wp-json\/wp\/v2\/categories?post=24887"},{"taxonomy":"post_tag","embeddable":true,"href":"https:\/\/www.ambienteyenergia.gob.ec\/ambiente\/wp-json\/wp\/v2\/tags?post=24887"}],"curies":[{"name":"wp","href":"https:\/\/api.w.org\/{rel}","templated":true}]}}