{"id":24884,"date":"2015-03-29T18:14:02","date_gmt":"2015-03-29T23:14:02","guid":{"rendered":"http:\/\/www.ambiente.gob.ec\/?p=24884"},"modified":"2015-03-29T18:14:02","modified_gmt":"2015-03-29T23:14:02","slug":"mae-trabaja-para-mitigar-efectos-del-invierno-en-el-oro","status":"publish","type":"post","link":"https:\/\/www.ambienteyenergia.gob.ec\/ambiente\/mae-trabaja-para-mitigar-efectos-del-invierno-en-el-oro\/","title":{"rendered":"MAE trabaja para mitigar efectos del invierno en El Oro"},"content":{"rendered":"<p>Ante la dif\u00edcil situaci\u00f3n clim\u00e1tica que se vive en la Provincia de El Oro, en especial en el cant\u00f3n Portovelo, el Ministerio del Ambiente a trav\u00e9s de su Direcci\u00f3n Provincial, se encuentra trabajando con ARCOM, GAD de Portovelo, Polic\u00eda Nacional y Gesti\u00f3n de Riesgos con el objeto de mitigar los efectos del invierno en este importante sector minero del pa\u00eds.<br \/>\nPara el efecto, se ha visitado 4 plantas de beneficio en Portovelo, que han presentado problemas con sus relaveras y que han iniciado los planes de contingencia para mitigar los efectos del invierno en sus actividades.<\/p>\n<p>Adicionalmente, el d\u00eda de hoy se suspendieron las actividades de estas plantas para evitar cualquier problema que se pueda dar por una posterior subida del r\u00edo.<br \/>\nInformamos tambi\u00e9n que durante estos d\u00edas, el Ministerio del Ambiente visitar\u00e1 las plantas del distrito Zaruma \u2013 Portovelo para verificar el estado de las relaveras y activar los planes de contigencia necesarios para evitar cualquier afectaci\u00f3n al ser humano y al medio ambiente.<\/p>\n<p>Queremos recordar a la ciudadan\u00eda de la parte alta de la Provincia de El Oro, que el Ministerio cuenta con una oficina en Zaruma, en el antiguo hotel municipal, donde atenderemos cualquier denuncia respecto a alguna afectaci\u00f3n ambiental que se d\u00e9 durante el invierno, as\u00ed mismo recordamos que el ECU 911 mantiene una l\u00ednea de ayuda abierta los 24 horas del d\u00eda, los 7 d\u00edas a la semana.<\/p>\n","protected":false},"excerpt":{"rendered":"<p class=\"excerpt\">Ante la dif\u00edcil situaci\u00f3n clim\u00e1tica que se vive en la Provincia de El Oro, en especial en el cant\u00f3n Portovelo, el Ministerio del Ambiente a trav\u00e9s de su Direcci\u00f3n Provincial, se encuentra trabajando con ARCOM, GAD de Portovelo, Polic\u00eda Nacional y Gesti\u00f3n de Riesgos con el objeto de mitigar los efectos del invierno en este importante sector minero del pa\u00eds.&hellip; <a href=\"https:\/\/www.ambienteyenergia.gob.ec\/ambiente\/mae-trabaja-para-mitigar-efectos-del-invierno-en-el-oro\/\">Read more &rarr;<\/a><\/p>\n","protected":false},"author":13,"featured_media":24885,"comment_status":"open","ping_status":"open","sticky":false,"template":"","format":"standard","meta":{"footnotes":""},"categories":[16,4],"tags":[387],"class_list":["post-24884","post","type-post","status-publish","format-standard","has-post-thumbnail","hentry","category-comunicamos","category-noticias","tag-mae-lorena-tapia","xfolkentry"],"_links":{"self":[{"href":"https:\/\/www.ambienteyenergia.gob.ec\/ambiente\/wp-json\/wp\/v2\/posts\/24884","targetHints":{"allow":["GET"]}}],"collection":[{"href":"https:\/\/www.ambienteyenergia.gob.ec\/ambiente\/wp-json\/wp\/v2\/posts"}],"about":[{"href":"https:\/\/www.ambienteyenergia.gob.ec\/ambiente\/wp-json\/wp\/v2\/types\/post"}],"author":[{"embeddable":true,"href":"https:\/\/www.ambienteyenergia.gob.ec\/ambiente\/wp-json\/wp\/v2\/users\/13"}],"replies":[{"embeddable":true,"href":"https:\/\/www.ambienteyenergia.gob.ec\/ambiente\/wp-json\/wp\/v2\/comments?post=24884"}],"version-history":[{"count":0,"href":"https:\/\/www.ambienteyenergia.gob.ec\/ambiente\/wp-json\/wp\/v2\/posts\/24884\/revisions"}],"wp:featuredmedia":[{"embeddable":true,"href":"https:\/\/www.ambienteyenergia.gob.ec\/ambiente\/wp-json\/wp\/v2\/media\/24885"}],"wp:attachment":[{"href":"https:\/\/www.ambienteyenergia.gob.ec\/ambiente\/wp-json\/wp\/v2\/media?parent=24884"}],"wp:term":[{"taxonomy":"category","embeddable":true,"href":"https:\/\/www.ambienteyenergia.gob.ec\/ambiente\/wp-json\/wp\/v2\/categories?post=24884"},{"taxonomy":"post_tag","embeddable":true,"href":"https:\/\/www.ambienteyenergia.gob.ec\/ambiente\/wp-json\/wp\/v2\/tags?post=24884"}],"curies":[{"name":"wp","href":"https:\/\/api.w.org\/{rel}","templated":true}]}}