{"id":24881,"date":"2015-03-28T10:05:44","date_gmt":"2015-03-28T15:05:44","guid":{"rendered":"http:\/\/www.ambiente.gob.ec\/?p=24881"},"modified":"2015-03-28T13:09:24","modified_gmt":"2015-03-28T18:09:24","slug":"la-hora-del-planeta-ecuador-galapagos-una-comunidad-icono-ante-el-cambio-climatico","status":"publish","type":"post","link":"https:\/\/www.ambienteyenergia.gob.ec\/ambiente\/la-hora-del-planeta-ecuador-galapagos-una-comunidad-icono-ante-el-cambio-climatico\/","title":{"rendered":"La Hora del Planeta Ecuador: Gal\u00e1pagos, una comunidad \u00edcono ante el cambio clim\u00e1tico"},"content":{"rendered":"<p style=\"text-align: justify;\"><em>Puerto Ayora, Santa Cruz-Gal\u00e1pagos.-<\/em>\u00a0La Hora del Planeta es la campa\u00f1a global m\u00e1s grande a favor del ambiente, impulsada por WWF. En la cual una vez al a\u00f1o, el \u00faltimo\u00a0s\u00e1bado de marzo, comunidades y ciudades enteras apagan voluntariamente las luces, durante una hora, en manifestaci\u00f3n simb\u00f3lica a favor del planeta. Este a\u00f1o, durante la Hora del Planeta en Ecuador, Gal\u00e1pagos se convierte en la provincia de las alternativas a los pl\u00e1sticos desechables.<\/p>\n<p style=\"text-align: justify;\">\n<p style=\"text-align: justify;\">Las diversas instituciones que conforman la Comisi\u00f3n Interinstitucional para el Consumo Responsable de Pl\u00e1sticos Desechables llevar\u00e1n a cabo una evento p\u00fablico durante la Hora del Planeta, en la Isla Santa Cruz.<\/p>\n<p style=\"text-align: justify;\">\n<p style=\"text-align: justify;\"><strong>El evento denominado \u201cFeria de promoci\u00f3n para el consumo responsable de pl\u00e1stico\u201d se llevar\u00e1 a cabo el s\u00e1bado\u00a028 de marzo, desde las 18H30, en el Parque San Francisco, en Puerto Ayora, Santa Cruz-Gal\u00e1pagos. La Feria por la Hora del Planeta<\/strong><strong>ser\u00e1 un espacio de participaci\u00f3n ciudadana, educaci\u00f3n ambiental e intercambio art\u00edstico y cultural, para celebrar lo alcanzado como Provincia con la aprobaci\u00f3n de la Resoluci\u00f3n provincial sobre la\u00a0<\/strong><strong>prohibici\u00f3n en el uso de fundas pl\u00e1sticas tipo camiseta y envases de poliestireno expandido.<\/strong><\/p>\n<p style=\"text-align: justify;\">\n<p style=\"text-align: justify;\">Cabe indicar que el pasado\u00a011 de febrero\u00a0el Pleno del Consejo de Gobierno del R\u00e9gimen Especial de Gal\u00e1pagos aprob\u00f3 por unanimidad emitir la ordenanza provincial que promueve el consumo responsable de pl\u00e1sticos desechables mediante la regularizaci\u00f3n de su comercializaci\u00f3n y distribuci\u00f3n en la provincia de Gal\u00e1pagos. El pr\u00f3ximo\u00a010 de agosto\u00a0es la fecha l\u00edmite para haber adoptado el uso de productos alternativos y no comercializar ni distribuir fundas de pl\u00e1stico tipo camiseta y envases de espumaflex, para ello una comisi\u00f3n interinstitucional realizar\u00e1 una campa\u00f1a de comunicaci\u00f3n y sensibilizaci\u00f3n.<\/p>\n<p style=\"text-align: justify;\">\n<p style=\"text-align: justify;\">En ese sentido la Presidenta del Consejo de Gobierno de Gal\u00e1pagos, Ministra\u00a0Mar\u00eda Isabel Salvador, dijo que: \u00abesta iniciativa se retom\u00f3 desde el 2013 y desde el inici\u00f3 he recalcado que para alcanzar el verdadero desarrollo sostenible en las islas es necesaria la participaci\u00f3n de todos los sectores ciudadanos, as\u00ed como trazarnos metas comunes, y entender que solo juntos podemos caminar hacia ese Gal\u00e1pagos del buen vivir. Los espacios de reflexi\u00f3n, como los que propone La Hora del Planeta, permiten sumar esfuerzos, y mostrarle al mundo lo que somos capaces de hacer si estamos todos unidos\u00bb.<\/p>\n<p style=\"text-align: justify;\">\n<p style=\"text-align: justify;\">Para el efecto, el Ministerio del Ambiente ha puesto a disposici\u00f3n del Comit\u00e9 Interinstitucional para la Reducci\u00f3n de pl\u00e1sticos en Gal\u00e1pagos, el personal t\u00e9cnico del Programa Nacional para la Gesti\u00f3n Integral de Desechos S\u00f3lidos (MAE- PNGIDS) a fin de apoyar y facilitar las acciones para la puesta en marcha del Plan de Acci\u00f3n. En este sentido, el MAE est\u00e1 presente en la Hora Planeta 2015 para brindar informaci\u00f3n oportuna sobre alternativas al pl\u00e1stico.<\/p>\n<p style=\"text-align: justify;\">\n<p style=\"text-align: justify;\">\u201cNo hay trabajo de la autoridad ambiental que sea efectivo\u00a0 si no va acompa\u00f1ado\u00a0 del compromiso y el cambio de actitud de los ciudadanos. Por ello, adem\u00e1s de impulsar pol\u00edticas p\u00fablicas que beneficien a todos, generamos campa\u00f1as de sensibilizaci\u00f3n y queremos invitar a la ciudadan\u00eda apoyarse en el Ministerio como un facilitador en este proceso de cambio que ya vive el Ecuador\u201d, recalca la Ministra del Ambiente, Lorena Tapia N\u00fa\u00f1ez.<\/p>\n<p style=\"text-align: justify;\">\n<p style=\"text-align: justify;\">La Hora del Planeta es una excelente oportunidad para reforzar el trabajo que se realiza de manera interinstitucional para sustituir las fundas pl\u00e1sticas tipo camiseta y los envases de espuma-flex, por materiales reciclados de fibra de banano, lona de vallas publicitarias, algod\u00f3n, papel, lona o liencillo. \u201cEs importante\u00a0destacar la labor del Ministerio de Turismo que junto con las Asociaciones de Artesanos del Instituto de Econom\u00eda Popular y Solidaria (IEPS), hemos presentado varias alternativas a este problema que afecta a los habitantes y al ecosistemas insulares. Esto sin duda nos acercan mucho m\u00e1s al nuevo modelo de\u00a0turismo que est\u00e1 basado en los tres principios b\u00e1sicos del ecoturismo: Naturaleza conservada, visitantes complacidos y que la poblaci\u00f3n local alcance el Buen Vivir que est\u00e1 consagrado en la Carta Magna de la Rep\u00fablica del Ecuador\u201d, puntualiz\u00f3 Andrea Romero, Coordinadora de la Zonal Insular del Ministerio de\u00a0Turismo.<\/p>\n<p style=\"text-align: justify;\">\n<p style=\"text-align: justify;\">Para el GAD Municipal de Santa Cruz, el desarrollo de este evento La Hora del Planeta, es un gran distintivo que demuestra el compromiso con la gesti\u00f3n integral de los residuos s\u00f3lidos, as\u00ed como el claro avance de acciones dirigidas al consumo responsable (4R: reciclar, reducir, reusar, y rechazar).\u00a0 \u201cLa Ordenanza Cantonal que regula la comercializaci\u00f3n y distribuci\u00f3n de fundas pl\u00e1sticas \u201ctipo camiseta\u201d y de envases pl\u00e1sticos desechables de espumaflex, ya ha sido aprobada en primera instancia y vamos a su aprobaci\u00f3n final por parte del Consejo Cantonal de Santa Cruz.\u00a0 El \u00e9xito de esta acci\u00f3n y de otras relacionadas con el manejo responsable de los residuos s\u00f3lidos, se debe al compromiso local de nuestros ciudadanos.\u00a0 Apostamos siempre a su decidido esfuerzo y cooperaci\u00f3n por la calidad de vida y conservaci\u00f3n de nuestro ambiente\u201d, recalc\u00f3 Mario Piu, Director de Gesti\u00f3n Ambiental del Gobierno Municipal de Santa Cruz.<\/p>\n<p style=\"text-align: justify;\">\n<p style=\"text-align: justify;\"><strong>El programa iniciar\u00e1 a las 18h30 con dos actividades simultaneas, una Gymcana educativa y una feria de alternativas para el reemplazo de las fundas pl\u00e1sticas tipo camisetas y envases de poliestireno expandido, en la que participar\u00e1n varias asociaciones de artesanos locales.<\/strong><\/p>\n<p style=\"text-align: justify;\">\n<p style=\"text-align: justify;\">\n<p style=\"text-align: justify;\"><strong>A las 20h30, el Parque y sus alrededores se apagar\u00e1n dando inicio al concierto de la banda de percusi\u00f3n ecuatoriana Golpe Urbano y el grupo local Sin Residencia. Adem\u00e1s contaremos con diferentes actividades l\u00fadicas y de empoderamiento ciudadano, presentaciones de danza y teatro, puntos de informaci\u00f3n sobre la problem\u00e1tica del pl\u00e1stico y sobre la normativa que entrar\u00e1 en vigencia para agosto de este a\u00f1o. \u00a1Todo a la luz de las velas!<\/strong><\/p>\n<p style=\"text-align: justify;\"><strong>\u00a0<\/strong><\/p>\n<p style=\"text-align: justify;\">\u201cLa Hora del Planeta es mucho m\u00e1s que una hora, es una actitud de vida. Se trata del movimiento ciudadano a favor de ambiente m\u00e1s grande en el planeta y es justamente este factor social el motor que debe movilizar las nuevas negociaciones que se llevar\u00e1n a cabo este a\u00f1o durante la COP21. WWF Ecuador busca, este 2015, crear mayor inter\u00e9s e involucrar a la ciudadan\u00eda en temas de cambio clim\u00e1tico.\u201d Hugo Arnal, Director WWF Ecuador.<\/p>\n<p style=\"text-align: justify;\"><strong>\u00a0<\/strong><\/p>\n<p style=\"text-align: justify;\">Este a\u00f1o, durante la Hora del Planeta, Gal\u00e1pagos demostrar\u00e1 ante el mundo el verdadero ejemplo de una sociedad que ha tomado a la conservaci\u00f3n como un acto de pr\u00e1cticas y acciones reales.\u00a0El programa unir\u00e1 a miles de ciudadanos, autoridades locales y representantes de varios sectores de la sociedad civil, en un espacio de movilizaci\u00f3n e intercambio cultural, educativo, art\u00edstico y de experiencias a fin de unir las voces en la lucha contra el cambio clim\u00e1tico.<\/p>\n<p style=\"text-align: justify;\">\n<p style=\"text-align: justify;\">Autoridades nacionales y locales, y WWF junto a las empresas auspiciantes de la Hora del Planeta en Gal\u00e1pagos, invitan a toda la comunidad nacional a unirse el d\u00eda\u00a028 de marzo, durante las 18h30 a las 21h30, a esta celebraci\u00f3n mundial por el Planeta.<\/p>\n<p style=\"text-align: justify;\">\n<p style=\"text-align: justify;\">\u00bfC\u00f3mo puedo unirme desde\u00a0mi\u00a0hogar? Con un simple paso, apagar las luces de sus hogares y desconectar sus artefactos electr\u00f3nicos, por una hora.<\/p>\n<p style=\"text-align: justify;\">\n<p style=\"text-align: justify;\">La Hora del Planeta, es una oportunidad para alzar nuestras voces acerca de la necesidad urgente de actuar contra el cambio clim\u00e1tico. \u00danete, usa tu poder y participa (sube tus fotos y env\u00edanos tus mensajes) a trav\u00e9s de nuestros portales oficiales en :<\/p>\n<p style=\"text-align: justify;\"><strong>\u00a0<\/strong><\/p>\n<p style=\"text-align: justify;\"><strong>Facebook:<\/strong>\u00a0Hora del Planeta Ecuador\u00a0\/\u00a0<strong>T<\/strong><strong>witter:<\/strong>\u00a0@HoraPlanetaECU<\/p>\n<p style=\"text-align: justify;\">\n<p style=\"text-align: justify;\"><strong>Facebook:<\/strong>\u00a0AmbienteEc\u00a0\/\u00a0<strong>T<\/strong><strong>witter:<\/strong>\u00a0@Ambiente_EC<\/p>\n<p style=\"text-align: justify;\">\n<p style=\"text-align: justify;\"><strong>Hashtags:\u00a0<\/strong>#1accionporelplaneta\u00a0#UsaTuPoderEc<\/p>\n","protected":false},"excerpt":{"rendered":"<p class=\"excerpt\">Puerto Ayora, Santa Cruz-Gal\u00e1pagos.-\u00a0La Hora del Planeta es la campa\u00f1a global m\u00e1s grande a favor del ambiente, impulsada por WWF. En la cual una vez al a\u00f1o, el \u00faltimo\u00a0s\u00e1bado de marzo, comunidades y ciudades enteras apagan voluntariamente las luces, durante una hora, en manifestaci\u00f3n simb\u00f3lica a favor del planeta. Este a\u00f1o, durante la Hora del Planeta en Ecuador, Gal\u00e1pagos se&hellip; <a href=\"https:\/\/www.ambienteyenergia.gob.ec\/ambiente\/la-hora-del-planeta-ecuador-galapagos-una-comunidad-icono-ante-el-cambio-climatico\/\">Read more &rarr;<\/a><\/p>\n","protected":false},"author":13,"featured_media":24882,"comment_status":"open","ping_status":"open","sticky":false,"template":"","format":"standard","meta":{"footnotes":""},"categories":[16,4],"tags":[],"class_list":["post-24881","post","type-post","status-publish","format-standard","has-post-thumbnail","hentry","category-comunicamos","category-noticias","xfolkentry"],"_links":{"self":[{"href":"https:\/\/www.ambienteyenergia.gob.ec\/ambiente\/wp-json\/wp\/v2\/posts\/24881","targetHints":{"allow":["GET"]}}],"collection":[{"href":"https:\/\/www.ambienteyenergia.gob.ec\/ambiente\/wp-json\/wp\/v2\/posts"}],"about":[{"href":"https:\/\/www.ambienteyenergia.gob.ec\/ambiente\/wp-json\/wp\/v2\/types\/post"}],"author":[{"embeddable":true,"href":"https:\/\/www.ambienteyenergia.gob.ec\/ambiente\/wp-json\/wp\/v2\/users\/13"}],"replies":[{"embeddable":true,"href":"https:\/\/www.ambienteyenergia.gob.ec\/ambiente\/wp-json\/wp\/v2\/comments?post=24881"}],"version-history":[{"count":0,"href":"https:\/\/www.ambienteyenergia.gob.ec\/ambiente\/wp-json\/wp\/v2\/posts\/24881\/revisions"}],"wp:featuredmedia":[{"embeddable":true,"href":"https:\/\/www.ambienteyenergia.gob.ec\/ambiente\/wp-json\/wp\/v2\/media\/24882"}],"wp:attachment":[{"href":"https:\/\/www.ambienteyenergia.gob.ec\/ambiente\/wp-json\/wp\/v2\/media?parent=24881"}],"wp:term":[{"taxonomy":"category","embeddable":true,"href":"https:\/\/www.ambienteyenergia.gob.ec\/ambiente\/wp-json\/wp\/v2\/categories?post=24881"},{"taxonomy":"post_tag","embeddable":true,"href":"https:\/\/www.ambienteyenergia.gob.ec\/ambiente\/wp-json\/wp\/v2\/tags?post=24881"}],"curies":[{"name":"wp","href":"https:\/\/api.w.org\/{rel}","templated":true}]}}