{"id":24877,"date":"2015-03-27T18:03:55","date_gmt":"2015-03-27T23:03:55","guid":{"rendered":"http:\/\/www.ambiente.gob.ec\/?p=24877"},"modified":"2015-03-28T13:04:33","modified_gmt":"2015-03-28T18:04:33","slug":"agenda-con-resultados-positivos-se-cumple-en-galapagos","status":"publish","type":"post","link":"https:\/\/www.ambienteyenergia.gob.ec\/ambiente\/agenda-con-resultados-positivos-se-cumple-en-galapagos\/","title":{"rendered":"Agenda con resultados positivos se cumple en Gal\u00e1pagos"},"content":{"rendered":"<p style=\"text-align: justify;\">El Ministerio del Ambiente (MAE) a trav\u00e9s de su M\u00e1xima Autoridad Ambiental, la Ministra Lorena Tapia N\u00fa\u00f1ez, cumpli\u00f3 el primer d\u00eda de varias actividades desarrolladas en Puerto Ayora ubicado en la \u00a0provincia de Gal\u00e1pagos.<\/p>\n<p style=\"text-align: justify;\">La jornada de trabajo inici\u00f3 con la firma del compromiso entre esta Cartera de Estado y el \u00a0Aeropuerto Seymour de Baltra, conocido como Aeropuerto Ecol\u00f3gico de Gal\u00e1pagos, para que forme parte de la iniciativa Punto Verde y as\u00ed fortalecer el apoyo a terminales aeroportuarias en cuanto al trabajo de protecci\u00f3n de los ecosistemas.<\/p>\n<p style=\"text-align: justify;\">Adem\u00e1s, se resalt\u00f3 que esta entidad gracias a sus esfuerzos en la implementaci\u00f3n de buenas pr\u00e1cticas ambientales dentro de sus instalaciones se hizo acreedora de la certificaci\u00f3n LEED GOLD, siendo el primer aeropuerto a nivel mundial en obtener esta certificaci\u00f3n.<\/p>\n<p style=\"text-align: justify;\">En la tarde la Se\u00f1ora Ministra asisti\u00f3 a un encuentro con el personal administrativo, t\u00e9cnico y Guardaparques del Parque Nacional Gal\u00e1pagos y la Agencia de Regulaci\u00f3n y Control de la Bioseguridad y Cuarentena (ABG), en este evento, Tapia resalt\u00f3 el valor del trabajo en equipo por el cuidado ambiental y de esta manera construir d\u00eda a d\u00eda un Ecuador Verde.<\/p>\n<p style=\"text-align: justify;\">Al finalizar este encuentro varios funcionarios compartieron sus expectativas con Tapia. Hern\u00e1n Carri\u00f3n, Guardaparque desde hace m\u00e1s de 20 a\u00f1os expres\u00f3 su deseo de que los j\u00f3venes conformen la gran familia del MAE, \u201cEllos son los portadores de un renovado mensaje de cuidado ambiental en esta provincia, considerada una joya de los ecuatorianos, por su gran valor ecosist\u00e9mico y \u00fanico a nivel mundial\u201d.<\/p>\n<p style=\"text-align: justify;\">Posterior a este evento, las autoridades de los Gobiernos Aut\u00f3nomos Municipales (GADM) mantuvieron una reuni\u00f3n precedida por la Ministra, en la se adquirieron compromisos con la intenci\u00f3n de analizar la problem\u00e1tica en materia ambiental para buscar soluciones sostenibles a futuro.<\/p>\n<p style=\"text-align: justify;\">Para concluir la jornada del d\u00eda de\u00a0hoy, en el Centro Comunitario Miguel Cifuentes, actores estrat\u00e9gicos de varios sectores que trabajan en esta provincia conocieron acerca del Proceso de Zonificaci\u00f3n de las \u00c1reas Protegidas de Gal\u00e1pagos, el mismo que tiene como objetivo desarrollar un proceso din\u00e1mico y ampliamente participativo, que espera tener como resultado final una herramienta que contribuya en el ordenamiento territorial\u00a0 de las \u00e1reas protegidas.<\/p>\n<p style=\"text-align: justify;\">Una vez que concluy\u00f3 la socializaci\u00f3n de este proceso, se ratific\u00f3 el firme compromiso del MAE en trabajar mancomunadamente con las autoridades locales para consolidar acciones que fortalezcan el cuidado del ambiente y que a su vez \u00a0los ciudadanos sean parte de estos procesos. Con el acuerdo ministerial 054 Isla Floreana, asume el reto de ejecutar autorizaciones de operaci\u00f3n tur\u00edstica accesorias conforme al modelo de ecoturismo definido por su poblaci\u00f3n dentro de las \u00e1reas protegidas.<\/p>\n","protected":false},"excerpt":{"rendered":"<p class=\"excerpt\">El Ministerio del Ambiente (MAE) a trav\u00e9s de su M\u00e1xima Autoridad Ambiental, la Ministra Lorena Tapia N\u00fa\u00f1ez, cumpli\u00f3 el primer d\u00eda de varias actividades desarrolladas en Puerto Ayora ubicado en la \u00a0provincia de Gal\u00e1pagos. La jornada de trabajo inici\u00f3 con la firma del compromiso entre esta Cartera de Estado y el \u00a0Aeropuerto Seymour de Baltra, conocido como Aeropuerto Ecol\u00f3gico de&hellip; <a href=\"https:\/\/www.ambienteyenergia.gob.ec\/ambiente\/agenda-con-resultados-positivos-se-cumple-en-galapagos\/\">Read more &rarr;<\/a><\/p>\n","protected":false},"author":13,"featured_media":24878,"comment_status":"open","ping_status":"open","sticky":false,"template":"","format":"standard","meta":{"footnotes":""},"categories":[16,4],"tags":[],"class_list":["post-24877","post","type-post","status-publish","format-standard","has-post-thumbnail","hentry","category-comunicamos","category-noticias","xfolkentry"],"_links":{"self":[{"href":"https:\/\/www.ambienteyenergia.gob.ec\/ambiente\/wp-json\/wp\/v2\/posts\/24877","targetHints":{"allow":["GET"]}}],"collection":[{"href":"https:\/\/www.ambienteyenergia.gob.ec\/ambiente\/wp-json\/wp\/v2\/posts"}],"about":[{"href":"https:\/\/www.ambienteyenergia.gob.ec\/ambiente\/wp-json\/wp\/v2\/types\/post"}],"author":[{"embeddable":true,"href":"https:\/\/www.ambienteyenergia.gob.ec\/ambiente\/wp-json\/wp\/v2\/users\/13"}],"replies":[{"embeddable":true,"href":"https:\/\/www.ambienteyenergia.gob.ec\/ambiente\/wp-json\/wp\/v2\/comments?post=24877"}],"version-history":[{"count":0,"href":"https:\/\/www.ambienteyenergia.gob.ec\/ambiente\/wp-json\/wp\/v2\/posts\/24877\/revisions"}],"wp:featuredmedia":[{"embeddable":true,"href":"https:\/\/www.ambienteyenergia.gob.ec\/ambiente\/wp-json\/wp\/v2\/media\/24878"}],"wp:attachment":[{"href":"https:\/\/www.ambienteyenergia.gob.ec\/ambiente\/wp-json\/wp\/v2\/media?parent=24877"}],"wp:term":[{"taxonomy":"category","embeddable":true,"href":"https:\/\/www.ambienteyenergia.gob.ec\/ambiente\/wp-json\/wp\/v2\/categories?post=24877"},{"taxonomy":"post_tag","embeddable":true,"href":"https:\/\/www.ambienteyenergia.gob.ec\/ambiente\/wp-json\/wp\/v2\/tags?post=24877"}],"curies":[{"name":"wp","href":"https:\/\/api.w.org\/{rel}","templated":true}]}}