{"id":24860,"date":"2015-03-27T14:47:29","date_gmt":"2015-03-27T19:47:29","guid":{"rendered":"http:\/\/www.ambiente.gob.ec\/?p=24860"},"modified":"2015-03-27T14:47:29","modified_gmt":"2015-03-27T19:47:29","slug":"mae-realiza-taller-de-control-y-vigilancia-en-la-reserva-ecologica-cotacachi-cayapas","status":"publish","type":"post","link":"https:\/\/www.ambienteyenergia.gob.ec\/ambiente\/mae-realiza-taller-de-control-y-vigilancia-en-la-reserva-ecologica-cotacachi-cayapas\/","title":{"rendered":"MAE realiza taller de control y vigilancia en la Reserva Ecol\u00f3gica Cotacachi Cayapas"},"content":{"rendered":"<p style=\"margin-bottom: 0cm;\" align=\"JUSTIFY\"><span style=\"font-family: Arial,sans-serif;\"><span style=\"font-size: small;\">Guardaparques que conforman la Reserva Ecol\u00f3gica Cotacahi \u2013 Cayapas (RECC) de la Direcci\u00f3n Provincial del Ambiente de Imbabura, recibieron el curso \u2013 taller de capacitaci\u00f3n con la herramienta metodol\u00f3gica a ser utilizada para la elaboraci\u00f3n de Planes Estrat\u00e9gicos de Control y Vigilancia (PCV).<\/span><\/span><\/p>\n<p style=\"margin-bottom: 0cm;\" align=\"JUSTIFY\"><span style=\"font-family: Arial,sans-serif;\"><span style=\"font-size: small;\">Las \u00c1reas Protegidas son espacios en los que intervienen numerosos actores, tanto p\u00fablicos, privados y comunitarios en diferentes niveles, instancias y competencias. Por ello el Sistema Nacional de \u00c1reas Protegidas (SNAP) y la Consultora \u201cDesarrollo de un Programa de Control y Vigilancia en 7 \u00e1reas piloto del Sistema Nacional de \u00c1reas Protegidas\u201d, capacit\u00f3 a t\u00e9cnicos de la RECC.<\/span><\/span><\/p>\n<p align=\"JUSTIFY\"><span style=\"font-family: Arial,sans-serif;\"><span style=\"font-size: small;\">El desarrollo de esta actividad tiene como objetivos el dise\u00f1o y validaci\u00f3n del Plan Estrat\u00e9gico para Control y Vigilancia de la Reserva, en base a la aplicaci\u00f3n de la metodolog\u00eda de la Escuela de Latinoamericana de \u00c1reas Protegidas, y establecer el compromisos de participaci\u00f3n para la implementaci\u00f3n del Plan Estrat\u00e9gico.<\/span><\/span><\/p>\n<p style=\"margin-bottom: 0cm;\" align=\"JUSTIFY\"><span style=\"font-family: Arial,sans-serif;\"><span style=\"font-size: small;\">Para continuar con este proceso, se tiene previsto realizar un segundo taller para afinar el plan, con la participaci\u00f3n de t\u00e9cnicos de la Direcci\u00f3n Provincial de Imbabura y el personal del \u00e1rea relacionada con las acciones de control y vigilancia.\/da-ds<\/span><\/span><\/p>\n<p align=\"JUSTIFY\">\n","protected":false},"excerpt":{"rendered":"<p class=\"excerpt\">Guardaparques que conforman la Reserva Ecol\u00f3gica Cotacahi \u2013 Cayapas (RECC) de la Direcci\u00f3n Provincial del Ambiente de Imbabura, recibieron el curso \u2013 taller de capacitaci\u00f3n con la herramienta metodol\u00f3gica a ser utilizada para la elaboraci\u00f3n de Planes Estrat\u00e9gicos de Control y Vigilancia (PCV). Las \u00c1reas Protegidas son espacios en los que intervienen numerosos actores, tanto p\u00fablicos, privados y comunitarios en&hellip; <a href=\"https:\/\/www.ambienteyenergia.gob.ec\/ambiente\/mae-realiza-taller-de-control-y-vigilancia-en-la-reserva-ecologica-cotacachi-cayapas\/\">Read more &rarr;<\/a><\/p>\n","protected":false},"author":13,"featured_media":24861,"comment_status":"open","ping_status":"open","sticky":false,"template":"","format":"standard","meta":{"footnotes":""},"categories":[16,4],"tags":[],"class_list":["post-24860","post","type-post","status-publish","format-standard","has-post-thumbnail","hentry","category-comunicamos","category-noticias","xfolkentry"],"_links":{"self":[{"href":"https:\/\/www.ambienteyenergia.gob.ec\/ambiente\/wp-json\/wp\/v2\/posts\/24860","targetHints":{"allow":["GET"]}}],"collection":[{"href":"https:\/\/www.ambienteyenergia.gob.ec\/ambiente\/wp-json\/wp\/v2\/posts"}],"about":[{"href":"https:\/\/www.ambienteyenergia.gob.ec\/ambiente\/wp-json\/wp\/v2\/types\/post"}],"author":[{"embeddable":true,"href":"https:\/\/www.ambienteyenergia.gob.ec\/ambiente\/wp-json\/wp\/v2\/users\/13"}],"replies":[{"embeddable":true,"href":"https:\/\/www.ambienteyenergia.gob.ec\/ambiente\/wp-json\/wp\/v2\/comments?post=24860"}],"version-history":[{"count":0,"href":"https:\/\/www.ambienteyenergia.gob.ec\/ambiente\/wp-json\/wp\/v2\/posts\/24860\/revisions"}],"wp:featuredmedia":[{"embeddable":true,"href":"https:\/\/www.ambienteyenergia.gob.ec\/ambiente\/wp-json\/wp\/v2\/media\/24861"}],"wp:attachment":[{"href":"https:\/\/www.ambienteyenergia.gob.ec\/ambiente\/wp-json\/wp\/v2\/media?parent=24860"}],"wp:term":[{"taxonomy":"category","embeddable":true,"href":"https:\/\/www.ambienteyenergia.gob.ec\/ambiente\/wp-json\/wp\/v2\/categories?post=24860"},{"taxonomy":"post_tag","embeddable":true,"href":"https:\/\/www.ambienteyenergia.gob.ec\/ambiente\/wp-json\/wp\/v2\/tags?post=24860"}],"curies":[{"name":"wp","href":"https:\/\/api.w.org\/{rel}","templated":true}]}}