{"id":24857,"date":"2015-03-27T14:44:44","date_gmt":"2015-03-27T19:44:44","guid":{"rendered":"http:\/\/www.ambiente.gob.ec\/?p=24857"},"modified":"2015-03-27T15:12:09","modified_gmt":"2015-03-27T20:12:09","slug":"mae-socializa-campana-tradicion-y-conservacion-van-de-la-mano","status":"publish","type":"post","link":"https:\/\/www.ambienteyenergia.gob.ec\/ambiente\/mae-socializa-campana-tradicion-y-conservacion-van-de-la-mano\/","title":{"rendered":"MAE socializa campa\u00f1a Tradici\u00f3n y Conservaci\u00f3n van de la mano"},"content":{"rendered":"<p style=\"text-align: justify;\">El Ministerio del Ambiente (MAE), a trav\u00e9s la Direcci\u00f3n Provincial del Ambiente de Imbabura con apoyo de personal t\u00e9cnico de la Reserva Ecol\u00f3gica Cotacachi \u2013 Cayapas (RECC) realiza la campa\u00f1a de prevenci\u00f3n y sensibilizaci\u00f3n sobre el no uso de la Palma de Ramos en la celebraci\u00f3n de la Semana Santa, bajo el eslogan \u201cTradici\u00f3n y Conservaci\u00f3n van de la mano\u201d.<\/p>\n<p style=\"text-align: justify;\"><span><span>El personal del Distrito Pi\u00f1\u00e1n, imparti\u00f3 charlas a estudiantes del Noveno A\u00f1o de la Unidad Educativa \u201cCahuasqui\u201d sobre la importancia del cuidado de la Palma de Ramos y del uso alternativo de otros materiales el Domingo de Ramos, con la finalidad de proteger los recursos naturales.<\/span><\/span><\/p>\n<p style=\"text-align: justify;\"><span><span>Esta campa\u00f1a se la realiza con la colaboraci\u00f3n de Tenientes Pol\u00edticos y de la Polic\u00eda Nacional Comunitaria de las parroquias San Blas, Tumbabiro, Pablo Arenas y Cahuasqui, pertenecientes a Urcuqu\u00ed.\/da-ds<\/span><\/span><\/p>\n<p style=\"text-align: justify;\">\n","protected":false},"excerpt":{"rendered":"<p class=\"excerpt\">El Ministerio del Ambiente (MAE), a trav\u00e9s la Direcci\u00f3n Provincial del Ambiente de Imbabura con apoyo de personal t\u00e9cnico de la Reserva Ecol\u00f3gica Cotacachi \u2013 Cayapas (RECC) realiza la campa\u00f1a de prevenci\u00f3n y sensibilizaci\u00f3n sobre el no uso de la Palma de Ramos en la celebraci\u00f3n de la Semana Santa, bajo el eslogan \u201cTradici\u00f3n y Conservaci\u00f3n van de la mano\u201d.&hellip; <a href=\"https:\/\/www.ambienteyenergia.gob.ec\/ambiente\/mae-socializa-campana-tradicion-y-conservacion-van-de-la-mano\/\">Read more &rarr;<\/a><\/p>\n","protected":false},"author":13,"featured_media":24858,"comment_status":"open","ping_status":"open","sticky":false,"template":"","format":"standard","meta":{"footnotes":""},"categories":[81,4],"tags":[],"class_list":["post-24857","post","type-post","status-publish","format-standard","has-post-thumbnail","hentry","category-convocatorias","category-noticias","xfolkentry"],"_links":{"self":[{"href":"https:\/\/www.ambienteyenergia.gob.ec\/ambiente\/wp-json\/wp\/v2\/posts\/24857","targetHints":{"allow":["GET"]}}],"collection":[{"href":"https:\/\/www.ambienteyenergia.gob.ec\/ambiente\/wp-json\/wp\/v2\/posts"}],"about":[{"href":"https:\/\/www.ambienteyenergia.gob.ec\/ambiente\/wp-json\/wp\/v2\/types\/post"}],"author":[{"embeddable":true,"href":"https:\/\/www.ambienteyenergia.gob.ec\/ambiente\/wp-json\/wp\/v2\/users\/13"}],"replies":[{"embeddable":true,"href":"https:\/\/www.ambienteyenergia.gob.ec\/ambiente\/wp-json\/wp\/v2\/comments?post=24857"}],"version-history":[{"count":0,"href":"https:\/\/www.ambienteyenergia.gob.ec\/ambiente\/wp-json\/wp\/v2\/posts\/24857\/revisions"}],"wp:featuredmedia":[{"embeddable":true,"href":"https:\/\/www.ambienteyenergia.gob.ec\/ambiente\/wp-json\/wp\/v2\/media\/24858"}],"wp:attachment":[{"href":"https:\/\/www.ambienteyenergia.gob.ec\/ambiente\/wp-json\/wp\/v2\/media?parent=24857"}],"wp:term":[{"taxonomy":"category","embeddable":true,"href":"https:\/\/www.ambienteyenergia.gob.ec\/ambiente\/wp-json\/wp\/v2\/categories?post=24857"},{"taxonomy":"post_tag","embeddable":true,"href":"https:\/\/www.ambienteyenergia.gob.ec\/ambiente\/wp-json\/wp\/v2\/tags?post=24857"}],"curies":[{"name":"wp","href":"https:\/\/api.w.org\/{rel}","templated":true}]}}