{"id":24853,"date":"2015-03-27T08:32:30","date_gmt":"2015-03-27T13:32:30","guid":{"rendered":"http:\/\/www.ambiente.gob.ec\/?p=24853"},"modified":"2015-03-27T08:32:30","modified_gmt":"2015-03-27T13:32:30","slug":"gobiernos-autonomos-descentralizados-conocieron-mas-sobre-como-asumir-competencias-ambientales","status":"publish","type":"post","link":"https:\/\/www.ambienteyenergia.gob.ec\/ambiente\/gobiernos-autonomos-descentralizados-conocieron-mas-sobre-como-asumir-competencias-ambientales\/","title":{"rendered":"Gobiernos Aut\u00f3nomos Descentralizados conocieron m\u00e1s sobre c\u00f3mo asumir competencias ambientales"},"content":{"rendered":"<p style=\"text-align: justify;\">El Ministerio del Ambiente del Ecuador (MAE) llev\u00f3 adelante el segundo taller de socializaci\u00f3n para el proceso de transferencia de las competencias de calidad ambiental, a los Gobiernos Aut\u00f3nomos descentralizados de la regi\u00f3n amaz\u00f3nica, con el fin de despejar dudas sobre las nuevas acciones que a partir de julio de este a\u00f1o deber\u00e1n iniciar dichas instancias.<\/p>\n<p style=\"text-align: justify;\">Al evento que se realiz\u00f3 en la ciudad de Puerto Francisco de Orellana, asistieron delegados del MAE, Consejo Nacional de Competencias (CNC) y GAD provinciales de Orellana, Sucumb\u00edos, Napo, Pastaza, Morona Santiago, Zamora Chinchipe y de Pichincha.<\/p>\n<p style=\"text-align: justify;\">Seg\u00fan lo establecido por el Acuerdo 0005-CNC-2014, publicado en el Registro Oficial el pasado 13 de enero de 2015, los Gobiernos Provinciales deber\u00e1n asumir las competencias de calidad ambiental, lo que les permitir\u00e1 emitir licencias para las actividades productivas que generen impacto en los ecosistemas ubicados dentro de su \u00e1rea de jurisdicci\u00f3n.<\/p>\n<p style=\"text-align: justify;\">As\u00ed, los organismos provinciales contar\u00e1n con el acompa\u00f1amiento de esta Cartera de Estado, que enviar\u00e1 personal a territorio a partir de la pr\u00f3xima semana para que puedan prepararse y obtener el certificado otorgado por el Servicio de Acreditaci\u00f3n Ecuatoriano (SAE) y as\u00ed iniciar con las actividades ambientales programadas.<\/p>\n<p style=\"text-align: justify;\">Cada GAD provincial deber\u00e1 cumplir una serie de requisitos para poder acceder a dicha acreditaci\u00f3n, entre los que se encuentran:<\/p>\n<ul style=\"text-align: justify;\">\n<li>Unidad de gesti\u00f3n, protecci\u00f3n o manejo ambiental.<\/li>\n<li>Declaraci\u00f3n juramentada de que toda la informaci\u00f3n que de all\u00ed proviene es ver\u00eddica y comprobable.<\/li>\n<li>Proyecto de ordenanza avalado por el MAE.<\/li>\n<li>Partidas presupuestarias para la creaci\u00f3n y\/o mantenimiento de la unidad de gesti\u00f3n, protecci\u00f3n o manejo ambiental.<\/li>\n<li>Equipo multidisciplinario para la gesti\u00f3n de esta instancia.<\/li>\n<li>Listado de actividades productivas y econ\u00f3micas ubicadas en la jurisdicci\u00f3n y programar su regulaci\u00f3n.<\/li>\n<li>Plan de ordenamiento territorial vigente.<\/li>\n<li>Laboratorios ambientales acreditados por el SAE, sean estos propios o por medio de convenios p\u00fablicos y privados.<\/li>\n<li>Recursos tecnol\u00f3gicos e inform\u00e1ticos.<\/li>\n<li>Permisos ambientales de los proyectos y obras realizados por el GAD o que se encuentren en proceso de ejecuci\u00f3n.<\/li>\n<li>Procesos judiciales o administrativos en materia ambiental.<\/li>\n<\/ul>\n<p style=\"text-align: justify;\">Al final del evento los Gobiernos Aut\u00f3nomos Descentralizados se comprometieron a trabajar de la mano de la M\u00e1xima Autoridad Ambiental, con el fin de continuar con la construcci\u00f3n de un Ecuador m\u00e1s Verde. \/\/MH<\/p>\n","protected":false},"excerpt":{"rendered":"<p class=\"excerpt\">El Ministerio del Ambiente del Ecuador (MAE) llev\u00f3 adelante el segundo taller de socializaci\u00f3n para el proceso de transferencia de las competencias de calidad ambiental, a los Gobiernos Aut\u00f3nomos descentralizados de la regi\u00f3n amaz\u00f3nica, con el fin de despejar dudas sobre las nuevas acciones que a partir de julio de este a\u00f1o deber\u00e1n iniciar dichas instancias. Al evento que se&hellip; <a href=\"https:\/\/www.ambienteyenergia.gob.ec\/ambiente\/gobiernos-autonomos-descentralizados-conocieron-mas-sobre-como-asumir-competencias-ambientales\/\">Read more &rarr;<\/a><\/p>\n","protected":false},"author":13,"featured_media":24854,"comment_status":"open","ping_status":"open","sticky":false,"template":"","format":"standard","meta":{"footnotes":""},"categories":[16,4],"tags":[],"class_list":["post-24853","post","type-post","status-publish","format-standard","has-post-thumbnail","hentry","category-comunicamos","category-noticias","xfolkentry"],"_links":{"self":[{"href":"https:\/\/www.ambienteyenergia.gob.ec\/ambiente\/wp-json\/wp\/v2\/posts\/24853","targetHints":{"allow":["GET"]}}],"collection":[{"href":"https:\/\/www.ambienteyenergia.gob.ec\/ambiente\/wp-json\/wp\/v2\/posts"}],"about":[{"href":"https:\/\/www.ambienteyenergia.gob.ec\/ambiente\/wp-json\/wp\/v2\/types\/post"}],"author":[{"embeddable":true,"href":"https:\/\/www.ambienteyenergia.gob.ec\/ambiente\/wp-json\/wp\/v2\/users\/13"}],"replies":[{"embeddable":true,"href":"https:\/\/www.ambienteyenergia.gob.ec\/ambiente\/wp-json\/wp\/v2\/comments?post=24853"}],"version-history":[{"count":0,"href":"https:\/\/www.ambienteyenergia.gob.ec\/ambiente\/wp-json\/wp\/v2\/posts\/24853\/revisions"}],"wp:featuredmedia":[{"embeddable":true,"href":"https:\/\/www.ambienteyenergia.gob.ec\/ambiente\/wp-json\/wp\/v2\/media\/24854"}],"wp:attachment":[{"href":"https:\/\/www.ambienteyenergia.gob.ec\/ambiente\/wp-json\/wp\/v2\/media?parent=24853"}],"wp:term":[{"taxonomy":"category","embeddable":true,"href":"https:\/\/www.ambienteyenergia.gob.ec\/ambiente\/wp-json\/wp\/v2\/categories?post=24853"},{"taxonomy":"post_tag","embeddable":true,"href":"https:\/\/www.ambienteyenergia.gob.ec\/ambiente\/wp-json\/wp\/v2\/tags?post=24853"}],"curies":[{"name":"wp","href":"https:\/\/api.w.org\/{rel}","templated":true}]}}