{"id":24851,"date":"2015-03-26T13:58:18","date_gmt":"2015-03-26T18:58:18","guid":{"rendered":"http:\/\/www.ambiente.gob.ec\/?p=24851"},"modified":"2015-03-26T13:58:18","modified_gmt":"2015-03-26T18:58:18","slug":"novacero-se-convierte-en-la-primera-empresa-ecoeficiente-en-la-industria-del-acero","status":"publish","type":"post","link":"https:\/\/www.ambienteyenergia.gob.ec\/ambiente\/novacero-se-convierte-en-la-primera-empresa-ecoeficiente-en-la-industria-del-acero\/","title":{"rendered":"Novacero se convierte en la primera empresa Ecoeficiente en la Industria del Acero"},"content":{"rendered":"<p style=\"text-align: justify;\">El Ministerio del Ambiente del Ecuador (MAE) hizo la entrega oficial de la Certificaci\u00f3n Ecuatoriana Ambiental \u201cPunto Verde\u201d como empresa Ecoeficiente a Novacero, por presentar cuatro casos de Producci\u00f3n m\u00e1s Limpia simult\u00e1neamente.<\/p>\n<p style=\"text-align: justify;\">Este jueves 26 de marzo, la Ministra del Ambiente, Lorena Tapia realiz\u00f3 un recorrido por las instalaciones de Novacero, Planta Lasso, para constatar el trabajo realizado en favor al medio ambiente.<\/p>\n<p style=\"text-align: justify;\">Novacero es una\u00a0\u00a0 empresa que trabaja en el mercado ecuatoriano desde hace m\u00e1s de 40 a\u00f1os, con experiencia en la creaci\u00f3n, desarrollo e implementaci\u00f3n de soluciones de acero para la construcci\u00f3n de modernas infraestructuras industriales y agroindustriales, instalaciones comerciales, educativas, deportivas, de viviendas y tambi\u00e9n viales.<\/p>\n<p style=\"text-align: justify;\">El pasado 13 de septiembre del 2012, la empresa Novacero S.A., Planta Lasso remiti\u00f3 al Ministerio del Ambiente el formulario de inscripci\u00f3n y autoevaluaci\u00f3n para postular a la Certificaci\u00f3n Ecuatoriana Ambiental \u201cPunto Verde\u201d, demostrando en cada una de sus iniciativas el ahorro de recursos y eficiencia productiva.<\/p>\n<p style=\"text-align: justify;\">\u201cEste Reconocimiento nos compromete a seguir trabajando y cuidando al medio ambiente desde todas las actividades que nosotros realizamos: por eso agradecemos al Ministerio por darnos un impulso para seguir trabajando en un Ecuador mejor para las futuras generaciones\u201d dijo el Gerente General de Novacero, Ing. Ramiro Garz\u00f3n.<\/p>\n<p style=\"text-align: justify;\">Inspirados por la alta eficiencia del acero, esta empresa viene desarrollando proyectos que contribuyen a la conservaci\u00f3n de las generaciones futuras, a trav\u00e9s de proyectos sostenibles y ecoeficientes:<\/p>\n<p style=\"text-align: justify;\"><strong>Proyecto 1:<\/strong> Reutilizaci\u00f3n del 99,79% de agua en el Proceso Productivo.<\/p>\n<p style=\"text-align: justify;\"><strong>Proyecto 2:<\/strong> Reducci\u00f3n del 16,24% en el Consumo de Energ\u00eda El\u00e9ctrica en la l\u00ednea de fundici\u00f3n de Chatarra de la l\u00ednea de Producci\u00f3n de Acer\u00eda.<\/p>\n<p style=\"text-align: justify;\"><strong>Proyecto 3:<\/strong> Aprovechamiento del 54,31% de Chatarra Minada (acero que se recuper\u00f3 de la escoria) en el horno de arco el\u00e9ctrico y Aprovechamiento del 2,76% de Escoria Procesada (Escoria triturada y sin presencia de chatarra\/acero) como materia prima de otro proceso productivo como es la fabricaci\u00f3n de Clinker.<\/p>\n<p style=\"text-align: justify;\"><strong>Proyecto 4:<\/strong> Reducci\u00f3n del 3,20% del Consumo de Combustible y Reducci\u00f3n del 1,80% de Emisiones de CO2 en el Horno de Laminaci\u00f3n Tren 1.<\/p>\n<p style=\"text-align: justify;\">En ese sentido, la Ministra del Ambiente, Lorena Tapia N\u00fa\u00f1ez, felicit\u00f3 el trabajo realizado por la empresa y mencion\u00f3 la responsabilidad que tiene esta Cartera de Estado en continuar impulsando la implementaci\u00f3n de Producci\u00f3n m\u00e1s Limpia en las empresas ecuatorianas, que garantice el desarrollo sostenible y el Buen Vivir.<\/p>\n<p style=\"text-align: justify;\">\u201cEste reconocimiento es para ustedes, que con su trabajo lograron que Novacero sea reconocida como una empresa comprometida, innovadora y pionera en la implementaci\u00f3n de tecnolog\u00edas limpias, una empresa que forma parte de esta Generaci\u00f3n Verde que queremos edificar no solo a nivel empresarial, sino tambi\u00e9n que se multipliquen los barrios verdes, los colegios verdes, las universidades verdes. Todos sumando a cuidar el presente y el futuro del Ecuador\u201d se\u00f1al\u00f3 la Ministra del Ambiente.<\/p>\n<p style=\"text-align: justify;\">Por \u00faltimo, la M\u00e1xima Autoridad Ambiental invit\u00f3 a todas las empresas del Ecuador a sumarse a esta gran iniciativa que a trav\u00e9s de un marco regulatorio, de pol\u00edticas, estrategias e incentivos ambientales; promueven la protecci\u00f3n de la naturaleza y la rentabilidad econ\u00f3mica. \/\/MH<\/p>\n","protected":false},"excerpt":{"rendered":"<p class=\"excerpt\">El Ministerio del Ambiente del Ecuador (MAE) hizo la entrega oficial de la Certificaci\u00f3n Ecuatoriana Ambiental \u201cPunto Verde\u201d como empresa Ecoeficiente a Novacero, por presentar cuatro casos de Producci\u00f3n m\u00e1s Limpia simult\u00e1neamente. Este jueves 26 de marzo, la Ministra del Ambiente, Lorena Tapia realiz\u00f3 un recorrido por las instalaciones de Novacero, Planta Lasso, para constatar el trabajo realizado en favor&hellip; <a href=\"https:\/\/www.ambienteyenergia.gob.ec\/ambiente\/novacero-se-convierte-en-la-primera-empresa-ecoeficiente-en-la-industria-del-acero\/\">Read more &rarr;<\/a><\/p>\n","protected":false},"author":13,"featured_media":23214,"comment_status":"open","ping_status":"open","sticky":false,"template":"","format":"standard","meta":{"footnotes":""},"categories":[16,4],"tags":[],"class_list":["post-24851","post","type-post","status-publish","format-standard","has-post-thumbnail","hentry","category-comunicamos","category-noticias","xfolkentry"],"_links":{"self":[{"href":"https:\/\/www.ambienteyenergia.gob.ec\/ambiente\/wp-json\/wp\/v2\/posts\/24851","targetHints":{"allow":["GET"]}}],"collection":[{"href":"https:\/\/www.ambienteyenergia.gob.ec\/ambiente\/wp-json\/wp\/v2\/posts"}],"about":[{"href":"https:\/\/www.ambienteyenergia.gob.ec\/ambiente\/wp-json\/wp\/v2\/types\/post"}],"author":[{"embeddable":true,"href":"https:\/\/www.ambienteyenergia.gob.ec\/ambiente\/wp-json\/wp\/v2\/users\/13"}],"replies":[{"embeddable":true,"href":"https:\/\/www.ambienteyenergia.gob.ec\/ambiente\/wp-json\/wp\/v2\/comments?post=24851"}],"version-history":[{"count":0,"href":"https:\/\/www.ambienteyenergia.gob.ec\/ambiente\/wp-json\/wp\/v2\/posts\/24851\/revisions"}],"wp:featuredmedia":[{"embeddable":true,"href":"https:\/\/www.ambienteyenergia.gob.ec\/ambiente\/wp-json\/wp\/v2\/media\/23214"}],"wp:attachment":[{"href":"https:\/\/www.ambienteyenergia.gob.ec\/ambiente\/wp-json\/wp\/v2\/media?parent=24851"}],"wp:term":[{"taxonomy":"category","embeddable":true,"href":"https:\/\/www.ambienteyenergia.gob.ec\/ambiente\/wp-json\/wp\/v2\/categories?post=24851"},{"taxonomy":"post_tag","embeddable":true,"href":"https:\/\/www.ambienteyenergia.gob.ec\/ambiente\/wp-json\/wp\/v2\/tags?post=24851"}],"curies":[{"name":"wp","href":"https:\/\/api.w.org\/{rel}","templated":true}]}}