{"id":24846,"date":"2015-03-26T09:20:20","date_gmt":"2015-03-26T14:20:20","guid":{"rendered":"http:\/\/www.ambiente.gob.ec\/?p=24846"},"modified":"2015-03-26T09:26:20","modified_gmt":"2015-03-26T14:26:20","slug":"dia-mundial-del-clima-y-de-la-adaptacion-al-cambio-climatico","status":"publish","type":"post","link":"https:\/\/www.ambienteyenergia.gob.ec\/ambiente\/dia-mundial-del-clima-y-de-la-adaptacion-al-cambio-climatico\/","title":{"rendered":"D\u00eda Mundial del Clima y de la Adaptaci\u00f3n al Cambio Clim\u00e1tico"},"content":{"rendered":"<p style=\"text-align: justify;\">El Ministerio del Ambiente (MAE), este 26 de Marzo, D\u00eda Mundial del Clima y de la Adaptaci\u00f3n al Cambio Clim\u00e1tico, invita a la ciudadan\u00eda a reflexionar sobre la importancia de nuestras acciones y la manera en la que \u00e9stas influyen en el clima. Aspectos como la temperatura, las precipitaciones, la humedad y el viento son condiciones atmosf\u00e9ricas que conforman el clima, este factor, de acuerdo a estudios cient\u00edficos realizados en los \u00faltimos 150 a\u00f1os registran un ritmo de cambio acelerado.<\/p>\n<p style=\"text-align: justify;\">Malas pr\u00e1cticas ambientales como la deforestaci\u00f3n y la sobrexplotaci\u00f3n de los recursos naturales han dado como resultado un fen\u00f3meno conocido como el cambio clim\u00e1tico, la Convenci\u00f3n Marco de las Naciones Unidas sobre Cambio Clim\u00e1tico, afirma que este \u201ccambio del clima es atribuible directa o indirectamente a las actividades humanas alteran la composici\u00f3n de la atm\u00f3sfera global, adem\u00e1s de la variabilidad natural del clima en per\u00edodos de tiempo comparables\u201d.<\/p>\n<p style=\"text-align: justify;\">El Gobierno del Ecuador consciente de la influencia del clima en el desarrollo social y econ\u00f3mico del pa\u00eds establece en la Constituci\u00f3n Ecuatoriana que el \u201cEstado garantizar\u00e1 que los mecanismos de producci\u00f3n, consumo y uso de los recursos naturales y energ\u00eda preserven y recuperen los ciclos naturales y permitan condiciones de vida con dignidad\u201d (Art.- 408).<\/p>\n<p style=\"text-align: justify;\">En este sentido, esta Cartera de Estado present\u00f3 en octubre del 2012 la Estrategia Nacional de Cambio Clim\u00e1tico del Ecuador 2012 \u2013 2025 (ENCC), documento que es una herramienta de trabajo que busca integrar a distintos sectores en la transversalizaci\u00f3n de la tem\u00e1tica del cambio clim\u00e1tico. En el documento se plantea doblegar esfuerzos para conservar los recursos forestales, manglares y p\u00e1ramos, apoyar y fomentar la eficiencia energ\u00e9tica, mejorar las pr\u00e1cticas ambientales y disminuir el consumo de nuestros recursos.<\/p>\n<p style=\"text-align: justify;\">Igualmente, el MAE a trav\u00e9s de la Subsecretar\u00eda de Cambio Clim\u00e1tico ha ejecutado proyectos y programas enfocados en la adaptaci\u00f3n y mitigaci\u00f3n de este fen\u00f3meno, entendi\u00e9ndose como adaptaci\u00f3n la respuesta del ser humano, o un sistema natural a los impactos generados por dicho fen\u00f3meno y la mitigaci\u00f3n como la toma de acciones, medidas y pol\u00edticas para la reducci\u00f3n de gases de efecto invernadero.<\/p>\n<p style=\"text-align: justify;\">Proyectos como el de Adaptaci\u00f3n al Cambio Clim\u00e1tico a trav\u00e9s de una efectiva gobernabilidad del Agua en Ecuador \u2013 PACC, implement\u00f3 medidas piloto de adaptaci\u00f3n en zonas vulnerables ante este fen\u00f3meno. Localidades ubicadas en las provincias de Los R\u00edos, Manab\u00ed, Azuay y Loja, fueron pArticipes de acciones de reforestaci\u00f3n de fuentes h\u00eddricas para garantizar la cantidad y calidad de agua para los pobladores, especialmENte en \u00e9poca de estiaje, entre otras actividades que beneficiaron a 116 comunidades vulnerables ante el cambio clim\u00e1tico.<\/p>\n<p style=\"text-align: justify;\">Adem\u00e1s, el proyecto de Adaptaci\u00f3n al Impacto del Retroceso Acelerado de los Glaciares en los Andes Tropicales- PRAA dej\u00f3 lecciones positivas que pueden ser replicadas en otros sectores de caracter\u00edsticas similares como la zona de Papallacta, d\u00f3nde se implementaron buenas pr\u00e1cticas para el manejo adaptativo del sistema pecuario y la conservaci\u00f3n del ecosistema p\u00e1ramo, t\u00e9cnicas alternativas de forester\u00eda, agroforester\u00eda an\u00e1loga y agroecolog\u00eda, incluyendo el desarrollo de huertos y microinvernaderos comunitarios a escala familiar, entre otras.<\/p>\n<p style=\"text-align: justify;\">Actualmente el proyecto Fortalecimiento de la resiliencia de las comunidades ante los efectos adversos del cambio clim\u00e1tico con \u00e9nfasis en seguridad alimentaria en la cuenca del R\u00edo Jubones y Provincia de Pichincha- FORECCSA promueve la adaptaci\u00f3n al cambio clim\u00e1tico en zonas rurales del Ecuador con miras a fortalecer la capacidad adaptativa de las comunidades con alto nivel de inseguridad alimentaria, medidas como: protecci\u00f3n de fuentes de agua y optimizaci\u00f3n del riego para garantizar la seguridad alimentaria en comunidades de alta vulnerabilidad a la sequ\u00eda y la implementaci\u00f3n de buenas pr\u00e1cticas ambientales en la producci\u00f3n agropecuaria frente a la alta vulnerabilidad a las heladas son algunas de las practicas que implementa el proyecto.<\/p>\n<p style=\"text-align: justify;\">El Ministerio del Ambiente como ente rector de la normativa ambiental y la gesti\u00f3n del cambio clim\u00e1tico a nivel nacional a trav\u00e9s de la Subsecretar\u00eda de Cambio Clim\u00e1tico, invita a los ciudadanos, comunidades, gobiernos aut\u00f3nomos descentralizados provinciales, cantonales y parroquiales, organizaciones no gubernamentales a sumarse desde sus diferentes campos de acci\u00f3n en la planificaci\u00f3n de pol\u00edticas y la programaci\u00f3n de actividades diversas en torno a la adaptaci\u00f3n y mitigaci\u00f3n, as\u00ed contribuiremos a detener los efectos del cambio clim\u00e1tico.<\/p>\n","protected":false},"excerpt":{"rendered":"<p class=\"excerpt\">El Ministerio del Ambiente (MAE), este 26 de Marzo, D\u00eda Mundial del Clima y de la Adaptaci\u00f3n al Cambio Clim\u00e1tico, invita a la ciudadan\u00eda a reflexionar sobre la importancia de nuestras acciones y la manera en la que \u00e9stas influyen en el clima. Aspectos como la temperatura, las precipitaciones, la humedad y el viento son condiciones atmosf\u00e9ricas que conforman el&hellip; <a href=\"https:\/\/www.ambienteyenergia.gob.ec\/ambiente\/dia-mundial-del-clima-y-de-la-adaptacion-al-cambio-climatico\/\">Read more &rarr;<\/a><\/p>\n","protected":false},"author":13,"featured_media":23214,"comment_status":"open","ping_status":"open","sticky":false,"template":"","format":"standard","meta":{"footnotes":""},"categories":[16,4],"tags":[],"class_list":["post-24846","post","type-post","status-publish","format-standard","has-post-thumbnail","hentry","category-comunicamos","category-noticias","xfolkentry"],"_links":{"self":[{"href":"https:\/\/www.ambienteyenergia.gob.ec\/ambiente\/wp-json\/wp\/v2\/posts\/24846","targetHints":{"allow":["GET"]}}],"collection":[{"href":"https:\/\/www.ambienteyenergia.gob.ec\/ambiente\/wp-json\/wp\/v2\/posts"}],"about":[{"href":"https:\/\/www.ambienteyenergia.gob.ec\/ambiente\/wp-json\/wp\/v2\/types\/post"}],"author":[{"embeddable":true,"href":"https:\/\/www.ambienteyenergia.gob.ec\/ambiente\/wp-json\/wp\/v2\/users\/13"}],"replies":[{"embeddable":true,"href":"https:\/\/www.ambienteyenergia.gob.ec\/ambiente\/wp-json\/wp\/v2\/comments?post=24846"}],"version-history":[{"count":0,"href":"https:\/\/www.ambienteyenergia.gob.ec\/ambiente\/wp-json\/wp\/v2\/posts\/24846\/revisions"}],"wp:featuredmedia":[{"embeddable":true,"href":"https:\/\/www.ambienteyenergia.gob.ec\/ambiente\/wp-json\/wp\/v2\/media\/23214"}],"wp:attachment":[{"href":"https:\/\/www.ambienteyenergia.gob.ec\/ambiente\/wp-json\/wp\/v2\/media?parent=24846"}],"wp:term":[{"taxonomy":"category","embeddable":true,"href":"https:\/\/www.ambienteyenergia.gob.ec\/ambiente\/wp-json\/wp\/v2\/categories?post=24846"},{"taxonomy":"post_tag","embeddable":true,"href":"https:\/\/www.ambienteyenergia.gob.ec\/ambiente\/wp-json\/wp\/v2\/tags?post=24846"}],"curies":[{"name":"wp","href":"https:\/\/api.w.org\/{rel}","templated":true}]}}