{"id":24839,"date":"2015-03-26T08:42:15","date_gmt":"2015-03-26T13:42:15","guid":{"rendered":"http:\/\/www.ambiente.gob.ec\/?p=24839"},"modified":"2015-03-26T08:49:40","modified_gmt":"2015-03-26T13:49:40","slug":"galapagos-realiza-estudio-de-evolucion-morfologica-y-vocal-de-los-pinzones-de-darwin","status":"publish","type":"post","link":"https:\/\/www.ambienteyenergia.gob.ec\/ambiente\/galapagos-realiza-estudio-de-evolucion-morfologica-y-vocal-de-los-pinzones-de-darwin\/","title":{"rendered":"Gal\u00e1pagos realiza estudio de evoluci\u00f3n morfol\u00f3gica y vocal de los Pinzones de Darwin"},"content":{"rendered":"<p>Con el objeto de entender la evoluci\u00f3n morfol\u00f3gica y vocal de los pinzones de Darwin, el Doctor Jeffrey Podos, de la Universidad de Massachusetts, junto con un grupo de expertos internacionales de varias instituciones cient\u00edficas realizan diferentes estudios sobre la variaci\u00f3n gen\u00e9tica, morfol\u00f3gica, cantos y dieta de los pinzones terrestres en la isla Santa Cruz.<\/p>\n<p>Este proyecto se ejecuta en colaboraci\u00f3n con el Ministerio del Ambiente (MAE), a trav\u00e9s de la Direcci\u00f3n Parque Nacional Gal\u00e1pagos (DPNG), la Fundaci\u00f3n Charles Darwin (FCD), y con el apoyo financiero de Earthwatch Institute.<\/p>\n<p>El trabajo est\u00e1 centrado en cuatro temas principales de investigaci\u00f3n: 1) efectos de la morfolog\u00eda del pico y de la cabeza sobre el canto; 2) patrones y procesos de diversificaci\u00f3n de los pinzones, especialmente en los patrones de variaci\u00f3n espacial y temporal en los pinzones terrestres medianos (<em>Geospiza fortis<\/em>); 3) efecto potencial de la evoluci\u00f3n de los picos de los pinzones sobre la distribuci\u00f3n de las semillas y las plantas; e 4) influencia en los impactos sobre la diversificaci\u00f3n de los pinzones, en particular en c\u00f3mo la introducci\u00f3n de comida humana puede influir sobre la dieta y morfolog\u00eda de los pinzones.<\/p>\n<p><strong>Actividades de campo<\/strong><\/p>\n<p>Entre enero y marzo de 2015, se contin\u00faa con el monitoreo a largo plazo de las poblaciones de pinzones (<em>Geospiza fuliginosa, G. fortis, G. magnirostris, G. scandens y Platyspiza crassirostris<\/em>) en Bah\u00eda Academia y el Garrapatero. Espec\u00edficamente, el muestreo incluye: la captura y anillado de aves, toma de medidas morfom\u00e9tricas y la extracci\u00f3n de una gota de sangre para an\u00e1lisis gen\u00e9ticos. Las actividades de campo se complementan con seguimientos extensivos de los pinzones para grabar sus cantos, determinar sus comportamientos y su dieta.<\/p>\n<p><strong>Logros<\/strong><\/p>\n<p>En lo que va del a\u00f1o 2015, se han capturado y medido 53 <em>Geospiza fuliginosa, <\/em>74<em> G. fortis, <\/em>2<em> G. magnirostris, <\/em>22<em> G. scandens, y <\/em>35<em> Platyspiza crassirostris. <\/em>Adem\u00e1s se realiz\u00f3 seguimiento a m\u00e1s de 1 200 aves entre Bah\u00eda Academia y El Garrapatero. Los datos preliminares sugieren que hay diferencias importantes en el comportamiento y la dieta entre estos sitios, informaci\u00f3n que ser\u00e1 corroborada durante el presente a\u00f1o.<\/p>\n<p>&nbsp;<\/p>\n","protected":false},"excerpt":{"rendered":"<p class=\"excerpt\">Con el objeto de entender la evoluci\u00f3n morfol\u00f3gica y vocal de los pinzones de Darwin, el Doctor Jeffrey Podos, de la Universidad de Massachusetts, junto con un grupo de expertos internacionales de varias instituciones cient\u00edficas realizan diferentes estudios sobre la variaci\u00f3n gen\u00e9tica, morfol\u00f3gica, cantos y dieta de los pinzones terrestres en la isla Santa Cruz. Este proyecto se ejecuta en&hellip; <a href=\"https:\/\/www.ambienteyenergia.gob.ec\/ambiente\/galapagos-realiza-estudio-de-evolucion-morfologica-y-vocal-de-los-pinzones-de-darwin\/\">Read more &rarr;<\/a><\/p>\n","protected":false},"author":13,"featured_media":23214,"comment_status":"open","ping_status":"open","sticky":false,"template":"","format":"standard","meta":{"footnotes":""},"categories":[16,4],"tags":[],"class_list":["post-24839","post","type-post","status-publish","format-standard","has-post-thumbnail","hentry","category-comunicamos","category-noticias","xfolkentry"],"_links":{"self":[{"href":"https:\/\/www.ambienteyenergia.gob.ec\/ambiente\/wp-json\/wp\/v2\/posts\/24839","targetHints":{"allow":["GET"]}}],"collection":[{"href":"https:\/\/www.ambienteyenergia.gob.ec\/ambiente\/wp-json\/wp\/v2\/posts"}],"about":[{"href":"https:\/\/www.ambienteyenergia.gob.ec\/ambiente\/wp-json\/wp\/v2\/types\/post"}],"author":[{"embeddable":true,"href":"https:\/\/www.ambienteyenergia.gob.ec\/ambiente\/wp-json\/wp\/v2\/users\/13"}],"replies":[{"embeddable":true,"href":"https:\/\/www.ambienteyenergia.gob.ec\/ambiente\/wp-json\/wp\/v2\/comments?post=24839"}],"version-history":[{"count":0,"href":"https:\/\/www.ambienteyenergia.gob.ec\/ambiente\/wp-json\/wp\/v2\/posts\/24839\/revisions"}],"wp:featuredmedia":[{"embeddable":true,"href":"https:\/\/www.ambienteyenergia.gob.ec\/ambiente\/wp-json\/wp\/v2\/media\/23214"}],"wp:attachment":[{"href":"https:\/\/www.ambienteyenergia.gob.ec\/ambiente\/wp-json\/wp\/v2\/media?parent=24839"}],"wp:term":[{"taxonomy":"category","embeddable":true,"href":"https:\/\/www.ambienteyenergia.gob.ec\/ambiente\/wp-json\/wp\/v2\/categories?post=24839"},{"taxonomy":"post_tag","embeddable":true,"href":"https:\/\/www.ambienteyenergia.gob.ec\/ambiente\/wp-json\/wp\/v2\/tags?post=24839"}],"curies":[{"name":"wp","href":"https:\/\/api.w.org\/{rel}","templated":true}]}}