{"id":24813,"date":"2015-03-23T12:27:04","date_gmt":"2015-03-23T17:27:04","guid":{"rendered":"http:\/\/www.ambiente.gob.ec\/?p=24813"},"modified":"2015-03-24T14:18:14","modified_gmt":"2015-03-24T19:18:14","slug":"como-resultado-de-la-10k-recreo-scouts-se-sembraran-20-000-arboles","status":"publish","type":"post","link":"https:\/\/www.ambienteyenergia.gob.ec\/ambiente\/como-resultado-de-la-10k-recreo-scouts-se-sembraran-20-000-arboles\/","title":{"rendered":"Como resultado de la 10K Recreo Scouts se sembrar\u00e1n 20 000 \u00e1rboles"},"content":{"rendered":"<p>Con la participaci\u00f3n de 4 000 ciudadanos en la 10K Recreo Scouts se vivi\u00f3 una verdadera fiesta deportiva donde ni\u00f1os, j\u00f3venes y adultos compartieron en familia una carrera con un tinte ambiental al ser la primera competencia reconocida como carbono cero ya que por cada participante inscrito se sembrar\u00e1n cinco \u00e1rboles.<\/p>\n<p>La Ministra del Ambiente Lorena Tapia N\u00fa\u00f1ez, particip\u00f3 de la caminata y al llegar a la meta comparti\u00f3 con los participantes y realiz\u00f3 la premiaci\u00f3n a los ganadores. \u201cAgradezco a todos quienes vinieron hoy y fueron parte de esta, la primera competencia Carbono Cero. Con estas acciones d\u00eda a d\u00eda logramos un Ecuador m\u00e1s sano, m\u00e1s verde\u201d.<\/p>\n<p>Con el objetivo principal de concienciar a la ciudadan\u00eda y minimizar los residuos, los atletas recibieron un tomatodo de mano para evitar el uso de vasos y fundas desechables, adem\u00e1s se ubicaron contenedores a lo largo de la ruta para separaci\u00f3n de desechos.<\/p>\n<p>El recorrido separado en dos etapas seg\u00fan las capacidades y preparaci\u00f3n de sus participantes empez\u00f3 en Fundeporte, mientras que la caminata sali\u00f3 desde las calles Ajav\u00ed y Cardenal de la Torre. Ambos retos terminar\u00e1n en el parqueadero del Centro Comercial El Recreo.<\/p>\n","protected":false},"excerpt":{"rendered":"<p class=\"excerpt\">Con la participaci\u00f3n de 4 000 ciudadanos en la 10K Recreo Scouts se vivi\u00f3 una verdadera fiesta deportiva donde ni\u00f1os, j\u00f3venes y adultos compartieron en familia una carrera con un tinte ambiental al ser la primera competencia reconocida como carbono cero ya que por cada participante inscrito se sembrar\u00e1n cinco \u00e1rboles. La Ministra del Ambiente Lorena Tapia N\u00fa\u00f1ez, particip\u00f3 de&hellip; <a href=\"https:\/\/www.ambienteyenergia.gob.ec\/ambiente\/como-resultado-de-la-10k-recreo-scouts-se-sembraran-20-000-arboles\/\">Read more &rarr;<\/a><\/p>\n","protected":false},"author":13,"featured_media":24818,"comment_status":"open","ping_status":"open","sticky":false,"template":"","format":"standard","meta":{"footnotes":""},"categories":[16,4],"tags":[],"class_list":["post-24813","post","type-post","status-publish","format-standard","has-post-thumbnail","hentry","category-comunicamos","category-noticias","xfolkentry"],"_links":{"self":[{"href":"https:\/\/www.ambienteyenergia.gob.ec\/ambiente\/wp-json\/wp\/v2\/posts\/24813","targetHints":{"allow":["GET"]}}],"collection":[{"href":"https:\/\/www.ambienteyenergia.gob.ec\/ambiente\/wp-json\/wp\/v2\/posts"}],"about":[{"href":"https:\/\/www.ambienteyenergia.gob.ec\/ambiente\/wp-json\/wp\/v2\/types\/post"}],"author":[{"embeddable":true,"href":"https:\/\/www.ambienteyenergia.gob.ec\/ambiente\/wp-json\/wp\/v2\/users\/13"}],"replies":[{"embeddable":true,"href":"https:\/\/www.ambienteyenergia.gob.ec\/ambiente\/wp-json\/wp\/v2\/comments?post=24813"}],"version-history":[{"count":0,"href":"https:\/\/www.ambienteyenergia.gob.ec\/ambiente\/wp-json\/wp\/v2\/posts\/24813\/revisions"}],"wp:featuredmedia":[{"embeddable":true,"href":"https:\/\/www.ambienteyenergia.gob.ec\/ambiente\/wp-json\/wp\/v2\/media\/24818"}],"wp:attachment":[{"href":"https:\/\/www.ambienteyenergia.gob.ec\/ambiente\/wp-json\/wp\/v2\/media?parent=24813"}],"wp:term":[{"taxonomy":"category","embeddable":true,"href":"https:\/\/www.ambienteyenergia.gob.ec\/ambiente\/wp-json\/wp\/v2\/categories?post=24813"},{"taxonomy":"post_tag","embeddable":true,"href":"https:\/\/www.ambienteyenergia.gob.ec\/ambiente\/wp-json\/wp\/v2\/tags?post=24813"}],"curies":[{"name":"wp","href":"https:\/\/api.w.org\/{rel}","templated":true}]}}