{"id":24809,"date":"2015-03-24T12:26:24","date_gmt":"2015-03-24T17:26:24","guid":{"rendered":"http:\/\/www.ambiente.gob.ec\/?p=24809"},"modified":"2015-03-24T12:26:24","modified_gmt":"2015-03-24T17:26:24","slug":"6-144-pilas-recolectadas-en-ibarra","status":"publish","type":"post","link":"https:\/\/www.ambienteyenergia.gob.ec\/ambiente\/6-144-pilas-recolectadas-en-ibarra\/","title":{"rendered":"6.144 pilas recolectadas en Ibarra"},"content":{"rendered":"<p style=\"margin-bottom: 0cm; text-align: justify;\" align=\"JUSTIFY\">La Plazoleta Francisco Calder\u00f3n de Ibarra, fue el escenario en el cual diferentes instituciones p\u00fablicas se dieron cita con el fin de sensibilizar a la comunidad sobre la campa\u00f1a de reciclaje de pilas , baterias y celulares en desuso, en el marco del evento &#8216;Salvemos la Pacha Mama, Nueva Generaci\u00f3n Verde&#8217;.<\/p>\n<p style=\"margin-bottom: 0cm; text-align: justify;\" align=\"JUSTIFY\">\n<p style=\"margin-bottom: 0cm; text-align: justify;\" align=\"JUSTIFY\">En el acto participaron varias instituciones educativas del sector con el objetivo de recordar la la importancia del cuidado del ambiente. Por ello el Ministerio del Ambiente de Ecuador (MAE) sensibiliz\u00f3 a la comunidad sobre el peligro para el hombre y para la naturaleza al desechar las pilas, bater\u00edas y celulares que ya no se utilizan.<\/p>\n<p style=\"margin-bottom: 0cm; text-align: justify;\" align=\"JUSTIFY\">\n<p style=\"margin-bottom: 0cm; text-align: justify;\" align=\"JUSTIFY\">Al finalizar el evento se contabiliz\u00f3 la recolecci\u00f3n de 5 353 pilas, 791 bater\u00edas y 11 celulares. Ni\u00f1os, ni\u00f1as y adolescentes acudieron a la actividad con el deseo de aportar con el cuidado de la Pacha Mama.<\/p>\n<p style=\"margin-bottom: 0cm; text-align: justify;\" align=\"JUSTIFY\">Este material ser\u00e1 puesto en manos de gestores ambientales autorizados para la disposici\u00f3n final de residuos peligrosos.\/da<\/p>\n<p style=\"margin-bottom: 0cm; text-align: justify;\" align=\"JUSTIFY\"><b>El Dato<\/b><\/p>\n<p style=\"margin-bottom: 0cm; text-align: justify;\" align=\"JUSTIFY\">Una pila contamina alrededor de 600 mil litros de agua, es decir, que con 6 144 pilas y bater\u00edas recopiladas se evit\u00f3 contaminar 3 688&#8242; 400 000 litros de agua.<\/p>\n<p style=\"margin-bottom: 0cm; text-align: justify;\" align=\"JUSTIFY\">\n<p style=\"margin-bottom: 0cm; text-align: justify;\" align=\"CENTER\">\n","protected":false},"excerpt":{"rendered":"<p class=\"excerpt\">La Plazoleta Francisco Calder\u00f3n de Ibarra, fue el escenario en el cual diferentes instituciones p\u00fablicas se dieron cita con el fin de sensibilizar a la comunidad sobre la campa\u00f1a de reciclaje de pilas , baterias y celulares en desuso, en el marco del evento &#8216;Salvemos la Pacha Mama, Nueva Generaci\u00f3n Verde&#8217;. En el acto participaron varias instituciones educativas del sector&hellip; <a href=\"https:\/\/www.ambienteyenergia.gob.ec\/ambiente\/6-144-pilas-recolectadas-en-ibarra\/\">Read more &rarr;<\/a><\/p>\n","protected":false},"author":13,"featured_media":24811,"comment_status":"open","ping_status":"open","sticky":false,"template":"","format":"standard","meta":{"footnotes":""},"categories":[16,4],"tags":[],"class_list":["post-24809","post","type-post","status-publish","format-standard","has-post-thumbnail","hentry","category-comunicamos","category-noticias","xfolkentry"],"_links":{"self":[{"href":"https:\/\/www.ambienteyenergia.gob.ec\/ambiente\/wp-json\/wp\/v2\/posts\/24809","targetHints":{"allow":["GET"]}}],"collection":[{"href":"https:\/\/www.ambienteyenergia.gob.ec\/ambiente\/wp-json\/wp\/v2\/posts"}],"about":[{"href":"https:\/\/www.ambienteyenergia.gob.ec\/ambiente\/wp-json\/wp\/v2\/types\/post"}],"author":[{"embeddable":true,"href":"https:\/\/www.ambienteyenergia.gob.ec\/ambiente\/wp-json\/wp\/v2\/users\/13"}],"replies":[{"embeddable":true,"href":"https:\/\/www.ambienteyenergia.gob.ec\/ambiente\/wp-json\/wp\/v2\/comments?post=24809"}],"version-history":[{"count":0,"href":"https:\/\/www.ambienteyenergia.gob.ec\/ambiente\/wp-json\/wp\/v2\/posts\/24809\/revisions"}],"wp:featuredmedia":[{"embeddable":true,"href":"https:\/\/www.ambienteyenergia.gob.ec\/ambiente\/wp-json\/wp\/v2\/media\/24811"}],"wp:attachment":[{"href":"https:\/\/www.ambienteyenergia.gob.ec\/ambiente\/wp-json\/wp\/v2\/media?parent=24809"}],"wp:term":[{"taxonomy":"category","embeddable":true,"href":"https:\/\/www.ambienteyenergia.gob.ec\/ambiente\/wp-json\/wp\/v2\/categories?post=24809"},{"taxonomy":"post_tag","embeddable":true,"href":"https:\/\/www.ambienteyenergia.gob.ec\/ambiente\/wp-json\/wp\/v2\/tags?post=24809"}],"curies":[{"name":"wp","href":"https:\/\/api.w.org\/{rel}","templated":true}]}}