{"id":24802,"date":"2015-03-24T08:40:31","date_gmt":"2015-03-24T13:40:31","guid":{"rendered":"http:\/\/www.ambiente.gob.ec\/?p=24802"},"modified":"2015-03-24T08:40:31","modified_gmt":"2015-03-24T13:40:31","slug":"campana-tradicion-y-conservacion-van-de-la-mano-se-impulsa-en-imbabura","status":"publish","type":"post","link":"https:\/\/www.ambienteyenergia.gob.ec\/ambiente\/campana-tradicion-y-conservacion-van-de-la-mano-se-impulsa-en-imbabura\/","title":{"rendered":"Campa\u00f1a \u201cTradici\u00f3n y Conservaci\u00f3n van de la mano\u201d se impulsa en Imbabura"},"content":{"rendered":"<p style=\"text-align: justify;\">El Ministerio del Ambiente del Ecuador (MAE) a trav\u00e9s de la Direcci\u00f3n Provincial de Imbabura y la colaboraci\u00f3n de los guardaparques de la Reserva Ecol\u00f3gica Cotacachi \u2013 Cayapas (RECC), llevaron adelante la campa\u00f1a \u201cTradici\u00f3n y Conservaci\u00f3n van de la mano\u201d sobre la prevenci\u00f3n y sensibilizaci\u00f3n del No uso de la Palma de Cera durante la celebraci\u00f3n de la Semana Santa, en las comunidades el Triunfo de la Parroquia de Buenos Aires, Cant\u00f3n Urcuqu\u00ed, Provincia Imbabura.<\/p>\n<p style=\"text-align: justify;\">Para ello, se realiz\u00f3 charlas donde se expuso la importancia biol\u00f3gica y ecol\u00f3gica que tiene la palma de cera dentro de los ecosistemas, por ser una fuente de alimento y refugio para varias especies de vida silvestre, especialmente para el Loro Orejiamarillo y el Perico Cachetidorado, espec\u00edmenes que se encuentran en peligro de extinci\u00f3n.<\/p>\n<p style=\"text-align: justify;\">La principal amenaza para esta especie de palma es la deforestaci\u00f3n de los bosques nublados; tomando en cuenta que su crecimiento es lento.<\/p>\n<p style=\"text-align: justify;\">En la jornada de trabajo participaron estudiantes de la Escuela B\u00e1sica Boyaca de la comunidad el Triunfo, a quienes adem\u00e1s se les entreg\u00f3 100 plantas de Cedro y 100 de Palma de Cera, para que puedan ser plantados como parte de su compromiso de cuidado ambiental.<\/p>\n<p style=\"text-align: justify;\">A trav\u00e9s de estas actividades, el Ministerio del Ambiente hace una llamado a la ciudadan\u00eda para utilizar otras alternativas como: plantas de romero, array\u00e1n, manzanilla, hojas y flores de ma\u00edz, totora, espigas de trigo, sigse, paja, laurel, entre otras especies; para la elaboraci\u00f3n de ramos. \/\/MH<\/p>\n","protected":false},"excerpt":{"rendered":"<p class=\"excerpt\">El Ministerio del Ambiente del Ecuador (MAE) a trav\u00e9s de la Direcci\u00f3n Provincial de Imbabura y la colaboraci\u00f3n de los guardaparques de la Reserva Ecol\u00f3gica Cotacachi \u2013 Cayapas (RECC), llevaron adelante la campa\u00f1a \u201cTradici\u00f3n y Conservaci\u00f3n van de la mano\u201d sobre la prevenci\u00f3n y sensibilizaci\u00f3n del No uso de la Palma de Cera durante la celebraci\u00f3n de la Semana Santa,&hellip; <a href=\"https:\/\/www.ambienteyenergia.gob.ec\/ambiente\/campana-tradicion-y-conservacion-van-de-la-mano-se-impulsa-en-imbabura\/\">Read more &rarr;<\/a><\/p>\n","protected":false},"author":13,"featured_media":24803,"comment_status":"open","ping_status":"open","sticky":false,"template":"","format":"standard","meta":{"footnotes":""},"categories":[16,4],"tags":[],"class_list":["post-24802","post","type-post","status-publish","format-standard","has-post-thumbnail","hentry","category-comunicamos","category-noticias","xfolkentry"],"_links":{"self":[{"href":"https:\/\/www.ambienteyenergia.gob.ec\/ambiente\/wp-json\/wp\/v2\/posts\/24802","targetHints":{"allow":["GET"]}}],"collection":[{"href":"https:\/\/www.ambienteyenergia.gob.ec\/ambiente\/wp-json\/wp\/v2\/posts"}],"about":[{"href":"https:\/\/www.ambienteyenergia.gob.ec\/ambiente\/wp-json\/wp\/v2\/types\/post"}],"author":[{"embeddable":true,"href":"https:\/\/www.ambienteyenergia.gob.ec\/ambiente\/wp-json\/wp\/v2\/users\/13"}],"replies":[{"embeddable":true,"href":"https:\/\/www.ambienteyenergia.gob.ec\/ambiente\/wp-json\/wp\/v2\/comments?post=24802"}],"version-history":[{"count":0,"href":"https:\/\/www.ambienteyenergia.gob.ec\/ambiente\/wp-json\/wp\/v2\/posts\/24802\/revisions"}],"wp:featuredmedia":[{"embeddable":true,"href":"https:\/\/www.ambienteyenergia.gob.ec\/ambiente\/wp-json\/wp\/v2\/media\/24803"}],"wp:attachment":[{"href":"https:\/\/www.ambienteyenergia.gob.ec\/ambiente\/wp-json\/wp\/v2\/media?parent=24802"}],"wp:term":[{"taxonomy":"category","embeddable":true,"href":"https:\/\/www.ambienteyenergia.gob.ec\/ambiente\/wp-json\/wp\/v2\/categories?post=24802"},{"taxonomy":"post_tag","embeddable":true,"href":"https:\/\/www.ambienteyenergia.gob.ec\/ambiente\/wp-json\/wp\/v2\/tags?post=24802"}],"curies":[{"name":"wp","href":"https:\/\/api.w.org\/{rel}","templated":true}]}}