{"id":24799,"date":"2015-03-24T08:38:11","date_gmt":"2015-03-24T13:38:11","guid":{"rendered":"http:\/\/www.ambiente.gob.ec\/?p=24799"},"modified":"2015-03-24T08:38:11","modified_gmt":"2015-03-24T13:38:11","slug":"mae-rescata-una-tortuga-en-la-provincia-de-chimborazo","status":"publish","type":"post","link":"https:\/\/www.ambienteyenergia.gob.ec\/ambiente\/mae-rescata-una-tortuga-en-la-provincia-de-chimborazo\/","title":{"rendered":"MAE rescata una tortuga en la provincia de Chimborazo"},"content":{"rendered":"<p style=\"text-align: justify;\">La Direcci\u00f3n Provincial del Ambiente de Chimborazo en coordinaci\u00f3n con la Unidad de Protecci\u00f3n del Medio Ambiente (UPMA) y el apoyo de la ciudadan\u00eda, realiz\u00f3 el rescate de un esp\u00e9cimen de Tortuga (<em>Chelonoidis denticulata<\/em>), que fue encontrado en un terreno bald\u00edo en el barrio la Inmaculada del Cant\u00f3n Guano.<\/p>\n<p style=\"text-align: justify;\">La informaci\u00f3n fue proporcionada por una llamada telef\u00f3nica an\u00f3nima, que alert\u00f3 a los t\u00e9cnicos del MAE acudiendo inmediatamente al sitio mencionado. Al llegar se encontr\u00f3 al ejemplar con dos orificios en el caparaz\u00f3n y uno de sus ojos en muy mal estado, por lo que se presume que el esp\u00e9cimen permanec\u00eda como una mascota en una de las casas del sector sufriendo maltratos.<\/p>\n<p style=\"text-align: justify;\">La tortuga fue trasladado a la Direcci\u00f3n Provincial del Ambiente de Pastaza, para su ubicaci\u00f3n en uno de los Centros de Rescate de la ciudad del Puyo, donde m\u00e9dicos veterinarios valorar\u00e1n el estado de salud y monitorear\u00e1n a la tortuga bajo los mejores cuidados para su recuperaci\u00f3n y posible reinserci\u00f3n a su h\u00e1bitat natural.<\/p>\n<p style=\"text-align: justify;\">La tenencia ilegal de especies de vida silvestre tiene una sanci\u00f3n econ\u00f3mica y de privaci\u00f3n de libertad; as\u00ed como estipula el art\u00edculo 247 del c\u00f3digo org\u00e1nico integral penal que en su parte pertinente manifiesta, quien cace, pesque, capture, recolecte, tenga, extraiga, trafique, comercialice, espec\u00edmenes o sus partes, elementos constitutivos, ser\u00e1 sancionado con pena privativa de libertad, de 1 a 3 a\u00f1os.<\/p>\n<p style=\"text-align: justify;\">El compromiso ciudadano y colaboraci\u00f3n con el personal del Ministerio del Ambiente, permite proteger y conservar las especies de fauna del Ecuador; por ello esta Cartera de Estado convoca a la poblaci\u00f3n a que contin\u00fae informando y denunciando el maltrato animal y la tenencia de especies de vida silvestre como mascotas, comunic\u00e1ndose a la l\u00ednea gratuita 1800 &#8211; AMBIENTE (262-436). \/\/MH<\/p>\n<p style=\"text-align: justify;\">\n","protected":false},"excerpt":{"rendered":"<p class=\"excerpt\">La Direcci\u00f3n Provincial del Ambiente de Chimborazo en coordinaci\u00f3n con la Unidad de Protecci\u00f3n del Medio Ambiente (UPMA) y el apoyo de la ciudadan\u00eda, realiz\u00f3 el rescate de un esp\u00e9cimen de Tortuga (Chelonoidis denticulata), que fue encontrado en un terreno bald\u00edo en el barrio la Inmaculada del Cant\u00f3n Guano. La informaci\u00f3n fue proporcionada por una llamada telef\u00f3nica an\u00f3nima, que alert\u00f3&hellip; <a href=\"https:\/\/www.ambienteyenergia.gob.ec\/ambiente\/mae-rescata-una-tortuga-en-la-provincia-de-chimborazo\/\">Read more &rarr;<\/a><\/p>\n","protected":false},"author":13,"featured_media":24800,"comment_status":"open","ping_status":"open","sticky":false,"template":"","format":"standard","meta":{"footnotes":""},"categories":[16,4],"tags":[],"class_list":["post-24799","post","type-post","status-publish","format-standard","has-post-thumbnail","hentry","category-comunicamos","category-noticias","xfolkentry"],"_links":{"self":[{"href":"https:\/\/www.ambienteyenergia.gob.ec\/ambiente\/wp-json\/wp\/v2\/posts\/24799","targetHints":{"allow":["GET"]}}],"collection":[{"href":"https:\/\/www.ambienteyenergia.gob.ec\/ambiente\/wp-json\/wp\/v2\/posts"}],"about":[{"href":"https:\/\/www.ambienteyenergia.gob.ec\/ambiente\/wp-json\/wp\/v2\/types\/post"}],"author":[{"embeddable":true,"href":"https:\/\/www.ambienteyenergia.gob.ec\/ambiente\/wp-json\/wp\/v2\/users\/13"}],"replies":[{"embeddable":true,"href":"https:\/\/www.ambienteyenergia.gob.ec\/ambiente\/wp-json\/wp\/v2\/comments?post=24799"}],"version-history":[{"count":0,"href":"https:\/\/www.ambienteyenergia.gob.ec\/ambiente\/wp-json\/wp\/v2\/posts\/24799\/revisions"}],"wp:featuredmedia":[{"embeddable":true,"href":"https:\/\/www.ambienteyenergia.gob.ec\/ambiente\/wp-json\/wp\/v2\/media\/24800"}],"wp:attachment":[{"href":"https:\/\/www.ambienteyenergia.gob.ec\/ambiente\/wp-json\/wp\/v2\/media?parent=24799"}],"wp:term":[{"taxonomy":"category","embeddable":true,"href":"https:\/\/www.ambienteyenergia.gob.ec\/ambiente\/wp-json\/wp\/v2\/categories?post=24799"},{"taxonomy":"post_tag","embeddable":true,"href":"https:\/\/www.ambienteyenergia.gob.ec\/ambiente\/wp-json\/wp\/v2\/tags?post=24799"}],"curies":[{"name":"wp","href":"https:\/\/api.w.org\/{rel}","templated":true}]}}