{"id":24795,"date":"2015-03-21T10:41:02","date_gmt":"2015-03-21T15:41:02","guid":{"rendered":"http:\/\/www.ambiente.gob.ec\/?p=24795"},"modified":"2015-03-21T10:44:57","modified_gmt":"2015-03-21T15:44:57","slug":"1-de-marzo-dia-forestal-mundial","status":"publish","type":"post","link":"https:\/\/www.ambienteyenergia.gob.ec\/ambiente\/1-de-marzo-dia-forestal-mundial\/","title":{"rendered":"21 de marzo: D\u00eda Forestal Mundial"},"content":{"rendered":"<p align=\"JUSTIFY\"><span style=\"font-family: Calibri, sans-serif;\">El recurso forestal ha sido uno de los elementos m\u00e1s explotados a nivel mundial, lo que ha causado un elevado \u00edndice de deforestaci\u00f3n que ha afectado los suelos, sistemas h\u00eddricos y servicios ecosist\u00e9micos. <\/span><\/p>\n<p align=\"JUSTIFY\"><span style=\"font-family: Calibri, sans-serif;\">Es por ello que el Gobierno Nacional, consciente de la problem\u00e1tica ambiental que surge del inadecuado manejo de nuestros recursos naturales, y en cumplimiento de la Constituci\u00f3n que reconoce los Derechos de la Naturaleza, trabaja, por medio de la gesti\u00f3n del Ministerio del Ambiente de Ecuador (MAE), en la emisi\u00f3n del Certificado de Origen Legal de la Madera, que garantiza la procedencia del producto forestal, reduciendo la extracci\u00f3n, trafico y comercializaci\u00f3n de madera ilegal. <\/span><\/p>\n<p align=\"JUSTIFY\"><span style=\"font-family: Calibri, sans-serif;\">Adem\u00e1s, el MAE trabaja en proyectos de conservaci\u00f3n y protecci\u00f3n de bosques nativos, a trav\u00e9s de la implementaci\u00f3n del Sistema Nacional de Trazabilidad de la Madera, cuyo objetivo es la aprobaci\u00f3n de programas de aprovechamiento forestal de acuerdo a las normativas forestales vigentes a trav\u00e9s de 41 oficinas t\u00e9cnicas en todo el pa\u00eds, adem\u00e1s ha institucionalizado procesos y acciones operativas en toda la cadena productiva de la madera siendo estas: Verificaci\u00f3n en campo, Control en carreteras (fijos y m\u00f3viles), y Auditorias en destino final de la madera (Industrias, aserraderos, carpinter\u00edas, etc.).<\/span><\/p>\n<p align=\"JUSTIFY\"><span style=\"font-family: Calibri, sans-serif;\">As\u00ed mismo, en 2008 se cre\u00f3 Plan Nacional de Incentivos a la Conservaci\u00f3n Socio Bosque para promover el uso responsable de recursos naturales con el objetivo de evitar el deterioro de ecosistemas por medio de la expansi\u00f3n de la frontera agr\u00edcola, especialmente en comunidades rurales del pa\u00eds.<\/span><\/p>\n<p align=\"JUSTIFY\"><span style=\"font-family: Calibri, sans-serif;\">Por ello, hasta la fecha se han firmado cerca de 2 600 convenios con comunidades, campesinos y nacionalidades ind\u00edgenas para la conservaci\u00f3n de bosques nativos en todo el Ecuador. \u201cDe esta cifra s\u00f3lo en el \u00faltimo a\u00f1o de gesti\u00f3n logramos incluir 400 nuevos convenios que han beneficiado econ\u00f3micamente a 13 870 ciudadanos con una inversi\u00f3n de 1 mill\u00f3n 500 mil d\u00f3lares aproximadamente; un hito que ha sido reconocido a nivel mundial\u201d, enfatiz\u00f3 Tapia.<\/span><\/p>\n<p align=\"JUSTIFY\"><span style=\"font-family: Calibri, sans-serif;\">Como resultado de la implementaci\u00f3n de estas pol\u00edticas a nivel nacional se logr\u00f3 conservar 206 716,31 hect\u00e1reas de bosques nativos.\/la-ds<\/span><\/p>\n","protected":false},"excerpt":{"rendered":"<p class=\"excerpt\">El recurso forestal ha sido uno de los elementos m\u00e1s explotados a nivel mundial, lo que ha causado un elevado \u00edndice de deforestaci\u00f3n que ha afectado los suelos, sistemas h\u00eddricos y servicios ecosist\u00e9micos. Es por ello que el Gobierno Nacional, consciente de la problem\u00e1tica ambiental que surge del inadecuado manejo de nuestros recursos naturales, y en cumplimiento de la Constituci\u00f3n&hellip; <a href=\"https:\/\/www.ambienteyenergia.gob.ec\/ambiente\/1-de-marzo-dia-forestal-mundial\/\">Read more &rarr;<\/a><\/p>\n","protected":false},"author":13,"featured_media":24796,"comment_status":"open","ping_status":"open","sticky":false,"template":"","format":"standard","meta":{"footnotes":""},"categories":[16,4],"tags":[],"class_list":["post-24795","post","type-post","status-publish","format-standard","has-post-thumbnail","hentry","category-comunicamos","category-noticias","xfolkentry"],"_links":{"self":[{"href":"https:\/\/www.ambienteyenergia.gob.ec\/ambiente\/wp-json\/wp\/v2\/posts\/24795","targetHints":{"allow":["GET"]}}],"collection":[{"href":"https:\/\/www.ambienteyenergia.gob.ec\/ambiente\/wp-json\/wp\/v2\/posts"}],"about":[{"href":"https:\/\/www.ambienteyenergia.gob.ec\/ambiente\/wp-json\/wp\/v2\/types\/post"}],"author":[{"embeddable":true,"href":"https:\/\/www.ambienteyenergia.gob.ec\/ambiente\/wp-json\/wp\/v2\/users\/13"}],"replies":[{"embeddable":true,"href":"https:\/\/www.ambienteyenergia.gob.ec\/ambiente\/wp-json\/wp\/v2\/comments?post=24795"}],"version-history":[{"count":0,"href":"https:\/\/www.ambienteyenergia.gob.ec\/ambiente\/wp-json\/wp\/v2\/posts\/24795\/revisions"}],"wp:featuredmedia":[{"embeddable":true,"href":"https:\/\/www.ambienteyenergia.gob.ec\/ambiente\/wp-json\/wp\/v2\/media\/24796"}],"wp:attachment":[{"href":"https:\/\/www.ambienteyenergia.gob.ec\/ambiente\/wp-json\/wp\/v2\/media?parent=24795"}],"wp:term":[{"taxonomy":"category","embeddable":true,"href":"https:\/\/www.ambienteyenergia.gob.ec\/ambiente\/wp-json\/wp\/v2\/categories?post=24795"},{"taxonomy":"post_tag","embeddable":true,"href":"https:\/\/www.ambienteyenergia.gob.ec\/ambiente\/wp-json\/wp\/v2\/tags?post=24795"}],"curies":[{"name":"wp","href":"https:\/\/api.w.org\/{rel}","templated":true}]}}