{"id":24790,"date":"2015-03-20T17:05:10","date_gmt":"2015-03-20T22:05:10","guid":{"rendered":"http:\/\/www.ambiente.gob.ec\/?p=24790"},"modified":"2015-03-20T17:06:03","modified_gmt":"2015-03-20T22:06:03","slug":"colta-un-escenario-ambiental-en-proceso-de-remediacion","status":"publish","type":"post","link":"https:\/\/www.ambienteyenergia.gob.ec\/ambiente\/colta-un-escenario-ambiental-en-proceso-de-remediacion\/","title":{"rendered":"Colta, un escenario ambiental en proceso de remediaci\u00f3n"},"content":{"rendered":"<p><span style=\"font-family: Calibri,sans-serif; color: #000000;\"><span style=\"font-size: medium;\"><span style=\"background: none repeat scroll 0% 0% transparent;\">En un valle verde y h\u00famedo se encuentra la laguna de Colta, considerada el centro estrat\u00e9gico del pa\u00eds, misma que desde la d\u00e9cada de 1960 enfrenta un grave problema de sedimentaci\u00f3n de origen antr\u00f3pico (originado por la actividad humana), principalmente por la expansi\u00f3n de la frontera agr\u00edcola, la deforestaci\u00f3n y el pastoreo de animales. <\/span><\/span><\/span><\/p>\n<p><span style=\"font-family: Calibri,sans-serif; color: #000000;\"><span style=\"font-size: medium;\"><span style=\"background: none repeat scroll 0% 0% transparent;\">Esta problem\u00e1tica provoc\u00f3 una p\u00e9rdida de la profundidad y volumen del espejo de agua de la laguna, as\u00ed como un alta demanda de ox\u00edgeno por el incremento de 3 cm\/a\u00f1o de sedimento, mismos que se han acumulado, permitiendo la acelerada y descontrolada reproducci\u00f3n de totora.<\/span><\/span><\/span><\/p>\n<p><span style=\"font-family: Calibri,sans-serif; color: #000000;\"><span style=\"font-size: medium;\"><span style=\"background: none repeat scroll 0% 0% transparent;\">Con una extensi\u00f3n total de 172 hect\u00e1reas, Colta alojaba 85 hect\u00e1reas de totora y 87 hect\u00e1reas del espejo de agua, seg\u00fan consta en el estudio realizado por el Proyecto de Remediaci\u00f3n y Manejo de la Laguna de Colta.<\/span><\/span><\/span><\/p>\n<p><span style=\"font-family: Calibri,sans-serif; color: #000000;\"><span style=\"font-size: medium;\"><span style=\"background: none repeat scroll 0% 0% transparent;\">En julio de 2011 el Ministerio del Ambiente firm\u00f3 un convenio de cooperaci\u00f3n conjunta con el Gobierno Aut\u00f3nomo Descentralizada de Colta, mismo que tuvo una duraci\u00f3n de tres a\u00f1os, en los cuales esta Cartera de Estado entreg\u00f3 un aporte econ\u00f3mico de 1 mill\u00f3n 500 mil d\u00f3lares aproximadamente, para la adquisici\u00f3n de una draga, una mini excavadora, equipo port\u00e1til (para determinar calidad de agua), bombas de succi\u00f3n para humedecer la zona de revegetaci\u00f3n, a m\u00e1s de brindar asesor\u00eda t\u00e9cnica y realizar monitoreo al avance del proyecto, con el objetivo de recuperar y realizar manejo integral de la laguna.<\/span><\/span><\/span><\/p>\n<p><span style=\"font-family: Calibri,sans-serif; color: #000000;\"><span style=\"font-size: medium;\"><span style=\"background: none repeat scroll 0% 0% transparent;\">Adem\u00e1s, 48 actividades han sido ejecutadas durante estos tres a\u00f1os del proyecto, entre ellas el plan de conservaci\u00f3n de suelos con la construcci\u00f3n de muros de gaviones, zanjas de desviaci\u00f3n de aguas lluvias, limpieza y mantenimiento de los canales de desfogue de las quebradas hacia la laguna, reforestaci\u00f3n de 115 hect\u00e1reas, siembra de pastos en 11 comunidades y 3 barrios constituidos en la zona de influencia de la laguna. <\/span><\/span><\/span><\/p>\n<p><span style=\"color: #000000;\"><span style=\"font-family: Calibri,sans-serif;\"><span style=\"font-size: medium;\"><span style=\"background: none repeat scroll 0% 0% transparent;\">La ejecuci\u00f3n de estas iniciativas permiti\u00f3 incorporar a las comunidades en el trabajo integral de la laguna, y sus zonas de influencia, por medio de la contrataci\u00f3n de 5 000 jornales empleados para las diferentes actividades del proyecto.<\/span><\/span><\/span><\/span><\/p>\n<p><span style=\"color: #000000;\"><span style=\"font-family: Calibri,sans-serif;\"><span style=\"font-size: medium;\"><span style=\"background: none repeat scroll 0% 0% transparent;\">Como resultado de este trabajo mancomunado, hasta diciembre de 2014, se logr\u00f3 eliminar 150 000 m<sup>3 <\/sup> de sedimentos, por medio de la implementaci\u00f3n de 10 celdas de sedimentaci\u00f3n, que poseen una capacidad de 5 000m<sup>3<\/sup>, en las cuales permanecen aproximadamente 30 d\u00edas, para su posterior proceso de elaboraci\u00f3n de abonos org\u00e1nicos que son entregados a las comunidades del sector. <\/span><\/span><\/span><\/span><\/p>\n<p><span style=\"color: #000000;\"><span style=\"font-family: Calibri,sans-serif;\"><span style=\"font-size: medium;\"><span style=\"background: none repeat scroll 0% 0% transparent;\">El Proyecto de Restauraci\u00f3n y Manejo de la Laguna de Colta, tendr\u00e1 una duraci\u00f3n de 10 a\u00f1os, seg\u00fan la Secretaria Nacional de Planificaci\u00f3n y Desarrollo (SENPLADES), en los cuales se tiene una meta de la eliminaci\u00f3n de 700 000 m<sup>3 <\/sup> de sedimentos y de 70 hect\u00e1reas de totora.\/ds<\/span><\/span><\/span><\/span><\/p>\n","protected":false},"excerpt":{"rendered":"<p class=\"excerpt\">En un valle verde y h\u00famedo se encuentra la laguna de Colta, considerada el centro estrat\u00e9gico del pa\u00eds, misma que desde la d\u00e9cada de 1960 enfrenta un grave problema de sedimentaci\u00f3n de origen antr\u00f3pico (originado por la actividad humana), principalmente por la expansi\u00f3n de la frontera agr\u00edcola, la deforestaci\u00f3n y el pastoreo de animales. Esta problem\u00e1tica provoc\u00f3 una p\u00e9rdida de&hellip; <a href=\"https:\/\/www.ambienteyenergia.gob.ec\/ambiente\/colta-un-escenario-ambiental-en-proceso-de-remediacion\/\">Read more &rarr;<\/a><\/p>\n","protected":false},"author":13,"featured_media":24791,"comment_status":"open","ping_status":"open","sticky":false,"template":"","format":"standard","meta":{"footnotes":""},"categories":[16,4],"tags":[380,686,53,685],"class_list":["post-24790","post","type-post","status-publish","format-standard","has-post-thumbnail","hentry","category-comunicamos","category-noticias","tag-colta","tag-compromiso-presidencial","tag-mae","tag-remediacion-integral","xfolkentry"],"_links":{"self":[{"href":"https:\/\/www.ambienteyenergia.gob.ec\/ambiente\/wp-json\/wp\/v2\/posts\/24790","targetHints":{"allow":["GET"]}}],"collection":[{"href":"https:\/\/www.ambienteyenergia.gob.ec\/ambiente\/wp-json\/wp\/v2\/posts"}],"about":[{"href":"https:\/\/www.ambienteyenergia.gob.ec\/ambiente\/wp-json\/wp\/v2\/types\/post"}],"author":[{"embeddable":true,"href":"https:\/\/www.ambienteyenergia.gob.ec\/ambiente\/wp-json\/wp\/v2\/users\/13"}],"replies":[{"embeddable":true,"href":"https:\/\/www.ambienteyenergia.gob.ec\/ambiente\/wp-json\/wp\/v2\/comments?post=24790"}],"version-history":[{"count":0,"href":"https:\/\/www.ambienteyenergia.gob.ec\/ambiente\/wp-json\/wp\/v2\/posts\/24790\/revisions"}],"wp:featuredmedia":[{"embeddable":true,"href":"https:\/\/www.ambienteyenergia.gob.ec\/ambiente\/wp-json\/wp\/v2\/media\/24791"}],"wp:attachment":[{"href":"https:\/\/www.ambienteyenergia.gob.ec\/ambiente\/wp-json\/wp\/v2\/media?parent=24790"}],"wp:term":[{"taxonomy":"category","embeddable":true,"href":"https:\/\/www.ambienteyenergia.gob.ec\/ambiente\/wp-json\/wp\/v2\/categories?post=24790"},{"taxonomy":"post_tag","embeddable":true,"href":"https:\/\/www.ambienteyenergia.gob.ec\/ambiente\/wp-json\/wp\/v2\/tags?post=24790"}],"curies":[{"name":"wp","href":"https:\/\/api.w.org\/{rel}","templated":true}]}}