{"id":24781,"date":"2015-03-20T16:33:29","date_gmt":"2015-03-20T21:33:29","guid":{"rendered":"http:\/\/www.ambiente.gob.ec\/?p=24781"},"modified":"2015-03-20T16:57:24","modified_gmt":"2015-03-20T21:57:24","slug":"22-de-marzo-dia-mundial-del-agua-2","status":"publish","type":"post","link":"https:\/\/www.ambienteyenergia.gob.ec\/ambiente\/22-de-marzo-dia-mundial-del-agua-2\/","title":{"rendered":"22 de Marzo, D\u00eda Mundial del Agua"},"content":{"rendered":"<p style=\"text-align: justify;\">\u201c<em>Sin agua, nada somos. Hasta un emperador, privado de agua, se ver\u00eda pronto reducido a polvo. El agua es el aut\u00e9ntico monarca y todos somos sus esclavos.\u201dSalman Rushdie, escritor brit\u00e1nico.<\/em><\/p>\n<p style=\"text-align: justify;\">La Asamblea General de las Naciones Unidas declar\u00f3 el 22 de marzo como el <strong>D\u00eda Mundial del Agua, <\/strong>fecha que nos invita a reflexionar sobre la importancia de este elemento generador de vida.<\/p>\n<p style=\"text-align: justify;\">El agua es un recurso esencial para nuestro planeta, destinado al consumo humano, la producci\u00f3n agropecuaria a trav\u00e9s del riego y otros usos como el industrial y la generaci\u00f3n de energ\u00eda limpia, usos que se encuentran en el marco del cambio de la matriz productiva y energ\u00e9tica del pa\u00eds.<\/p>\n<p style=\"text-align: justify;\">El Gobierno Nacional, al reconocer los Derechos de la Naturaleza en su Constituci\u00f3n y el Plan Nacional del Buen Vivir resalt\u00f3 el <strong>agua<\/strong> como <strong>uno<\/strong> de los <strong>siete sectores prioritarios de su gesti\u00f3n<\/strong>, enmarcados en la Estrategia Nacional de Cambio Clim\u00e1tico (ENCC).<\/p>\n<p style=\"text-align: justify;\">Es as\u00ed que el Ministerio del Ambiente (MAE) a trav\u00e9s de la Subsecretar\u00eda de Cambio Clim\u00e1tico (SCC) impulsa una serie de proyectos y programas para la conservaci\u00f3n y protecci\u00f3n del l\u00edquido vital, as\u00ed como para el manejo integral de las cuencas hidrogr\u00e1ficas, la implementaci\u00f3n de sistemas de monitoreo para evaluar la disponibilidad del agua y el fortalecimiento de la red hidro-metereol\u00f3gica nacional en zonas de altura.<\/p>\n<p style=\"text-align: justify;\">Esta Cartera de Estado lleva a cabo acciones en territorio para fortalecer la capacidad de las instituciones y comunidades para distribuir y conservar de manera m\u00e1s eficiente este recurso. Proyectos como: Adaptaci\u00f3n al Cambio Clim\u00e1tico a trav\u00e9s de una Efectiva vulnerabernabilidad del Agua en el Ecuador (PACC), busca la implementaci\u00f3n de estructuras de almacenaje de agua para riego que permitan abastecer del recurso a las comunidades rurales, vulnerables en \u00e9poca de estiaje, as\u00ed como la reforestaci\u00f3n de fuentes h\u00eddricas que garantice la cantidad y calidad de agua para los pobladores y evitar que la frontera agr\u00edcola avance a las fuentes de agua.<\/p>\n<p style=\"text-align: justify;\">Igualmente, el proyecto FORECCSA \u2013 Fortalecimiento de la resiliencia de las comunidades ante los efectos adversos del cambio clim\u00e1tico con \u00e9nfasis en seguridad alimentaria en la cuenca del R\u00edo Jubones y Provincia de Pichincha, promueve la protecci\u00f3n de fuentes de agua y la optimizaci\u00f3n del riego para garantizar la seguridad alimentaria en comunidades propensas a la sequ\u00eda y el manejo de ecosistemas reguladores de agua, entre otras acciones.<\/p>\n<p style=\"text-align: justify;\"><span><span><span>De esta manera las acciones del MAE se encaminan a generar proyectos <\/span><span>que puedan ser replicados desde los<\/span><span> Gobiernos Aut\u00f3nomos Descentralizados <\/span><span>y as\u00ed<\/span><span>\u00a0<\/span><span>ejecutar medidas que resuelvan adecuadamente la distribuci\u00f3n del agua y <\/span><span>beneficia<\/span><span>r<\/span><span> a las comunidades m\u00e1s vulnerables.\u00a0<\/span><\/span><\/span><\/p>\n<p style=\"text-align: justify;\">\n<p style=\"text-align: justify;\">\n","protected":false},"excerpt":{"rendered":"<p class=\"excerpt\">\u201cSin agua, nada somos. Hasta un emperador, privado de agua, se ver\u00eda pronto reducido a polvo. El agua es el aut\u00e9ntico monarca y todos somos sus esclavos.\u201dSalman Rushdie, escritor brit\u00e1nico. La Asamblea General de las Naciones Unidas declar\u00f3 el 22 de marzo como el D\u00eda Mundial del Agua, fecha que nos invita a reflexionar sobre la importancia de este elemento&hellip; <a href=\"https:\/\/www.ambienteyenergia.gob.ec\/ambiente\/22-de-marzo-dia-mundial-del-agua-2\/\">Read more &rarr;<\/a><\/p>\n","protected":false},"author":13,"featured_media":24782,"comment_status":"open","ping_status":"open","sticky":false,"template":"","format":"standard","meta":{"footnotes":""},"categories":[16,4],"tags":[],"class_list":["post-24781","post","type-post","status-publish","format-standard","has-post-thumbnail","hentry","category-comunicamos","category-noticias","xfolkentry"],"_links":{"self":[{"href":"https:\/\/www.ambienteyenergia.gob.ec\/ambiente\/wp-json\/wp\/v2\/posts\/24781","targetHints":{"allow":["GET"]}}],"collection":[{"href":"https:\/\/www.ambienteyenergia.gob.ec\/ambiente\/wp-json\/wp\/v2\/posts"}],"about":[{"href":"https:\/\/www.ambienteyenergia.gob.ec\/ambiente\/wp-json\/wp\/v2\/types\/post"}],"author":[{"embeddable":true,"href":"https:\/\/www.ambienteyenergia.gob.ec\/ambiente\/wp-json\/wp\/v2\/users\/13"}],"replies":[{"embeddable":true,"href":"https:\/\/www.ambienteyenergia.gob.ec\/ambiente\/wp-json\/wp\/v2\/comments?post=24781"}],"version-history":[{"count":0,"href":"https:\/\/www.ambienteyenergia.gob.ec\/ambiente\/wp-json\/wp\/v2\/posts\/24781\/revisions"}],"wp:featuredmedia":[{"embeddable":true,"href":"https:\/\/www.ambienteyenergia.gob.ec\/ambiente\/wp-json\/wp\/v2\/media\/24782"}],"wp:attachment":[{"href":"https:\/\/www.ambienteyenergia.gob.ec\/ambiente\/wp-json\/wp\/v2\/media?parent=24781"}],"wp:term":[{"taxonomy":"category","embeddable":true,"href":"https:\/\/www.ambienteyenergia.gob.ec\/ambiente\/wp-json\/wp\/v2\/categories?post=24781"},{"taxonomy":"post_tag","embeddable":true,"href":"https:\/\/www.ambienteyenergia.gob.ec\/ambiente\/wp-json\/wp\/v2\/tags?post=24781"}],"curies":[{"name":"wp","href":"https:\/\/api.w.org\/{rel}","templated":true}]}}