{"id":24774,"date":"2015-03-19T16:32:07","date_gmt":"2015-03-19T21:32:07","guid":{"rendered":"http:\/\/www.ambiente.gob.ec\/?p=24774"},"modified":"2015-03-20T17:10:04","modified_gmt":"2015-03-20T22:10:04","slug":"comision-de-biodiversidad-recibio-propuesta-sobre-bioseguridad","status":"publish","type":"post","link":"https:\/\/www.ambienteyenergia.gob.ec\/ambiente\/comision-de-biodiversidad-recibio-propuesta-sobre-bioseguridad\/","title":{"rendered":"Comisi\u00f3n de Biodiversidad recibi\u00f3 propuesta sobre Bioseguridad"},"content":{"rendered":"<p><span style=\"font-family: Arial Narrow,sans-serif;\">El Ministerio del Ambiente de Ecuador (MAE) particip\u00f3 de la sesi\u00f3n N\u00b046 de la Comisi\u00f3n de Biodiversidad de la Asamblea Nacional, donde se abordaron acotaciones y sugerencias por parte de varias instancias p\u00fablicas y privadas para el Libro II del C\u00f3digo Org\u00e1nico Ambiental (COA).<\/span><\/p>\n<p><span style=\"font-family: Arial Narrow,sans-serif;\">El Subsecretario de Patrimonio Natural Christian Ter\u00e1n, sugiri\u00f3 a la Comisi\u00f3n la inclusi\u00f3n de art\u00edculos sobre Bioseguridad, propuesta que busca garantizar el derecho a vivir en un ambiente sano y respetar los Derechos de la Naturaleza, y que a la vez ser\u00e1 un instrumento de regulaci\u00f3n en el uso de biotecnolog\u00eda. <\/span><\/p>\n<p><span style=\"font-family: Arial Narrow,sans-serif;\">Adem\u00e1s se expropuso los avances sobre la Ley de R\u00e9gimen Forestal Nacional. Ter\u00e1n resalt\u00f3 el trabajo que esta Cartera de Estado realiza con la implementaci\u00f3n de incentivos forestales que se desarrollan a nivel nacional, enfocados en la conservaci\u00f3n y manejo sostenible de los bosques, reconociendo que este tipo de iniciativas evitan la desertificaci\u00f3n y ayudan en el mantenimiento del patrimonio gen\u00e9tico del pa\u00eds, pues son parte de la reducci\u00f3n de los gases de efecto invernadero.<\/span><\/p>\n<p><span style=\"font-family: Arial Narrow,sans-serif;\">El presidente de la Comisi\u00f3n Carlos Viteri, al cierre de la sesi\u00f3n, resalt\u00f3 que las acotaciones de los asistentes son muy valoradas y esperan que las sugerencias sean presentadas por escrito para revisar e incluirlas, de ser el caso, al C\u00f3digo Org\u00e1nico Ambiental.\/la-ds<\/span><\/p>\n","protected":false},"excerpt":{"rendered":"<p class=\"excerpt\">El Ministerio del Ambiente de Ecuador (MAE) particip\u00f3 de la sesi\u00f3n N\u00b046 de la Comisi\u00f3n de Biodiversidad de la Asamblea Nacional, donde se abordaron acotaciones y sugerencias por parte de varias instancias p\u00fablicas y privadas para el Libro II del C\u00f3digo Org\u00e1nico Ambiental (COA). El Subsecretario de Patrimonio Natural Christian Ter\u00e1n, sugiri\u00f3 a la Comisi\u00f3n la inclusi\u00f3n de art\u00edculos sobre&hellip; <a href=\"https:\/\/www.ambienteyenergia.gob.ec\/ambiente\/comision-de-biodiversidad-recibio-propuesta-sobre-bioseguridad\/\">Read more &rarr;<\/a><\/p>\n","protected":false},"author":13,"featured_media":24775,"comment_status":"open","ping_status":"open","sticky":false,"template":"","format":"standard","meta":{"footnotes":""},"categories":[16,4],"tags":[],"class_list":["post-24774","post","type-post","status-publish","format-standard","has-post-thumbnail","hentry","category-comunicamos","category-noticias","xfolkentry"],"_links":{"self":[{"href":"https:\/\/www.ambienteyenergia.gob.ec\/ambiente\/wp-json\/wp\/v2\/posts\/24774","targetHints":{"allow":["GET"]}}],"collection":[{"href":"https:\/\/www.ambienteyenergia.gob.ec\/ambiente\/wp-json\/wp\/v2\/posts"}],"about":[{"href":"https:\/\/www.ambienteyenergia.gob.ec\/ambiente\/wp-json\/wp\/v2\/types\/post"}],"author":[{"embeddable":true,"href":"https:\/\/www.ambienteyenergia.gob.ec\/ambiente\/wp-json\/wp\/v2\/users\/13"}],"replies":[{"embeddable":true,"href":"https:\/\/www.ambienteyenergia.gob.ec\/ambiente\/wp-json\/wp\/v2\/comments?post=24774"}],"version-history":[{"count":0,"href":"https:\/\/www.ambienteyenergia.gob.ec\/ambiente\/wp-json\/wp\/v2\/posts\/24774\/revisions"}],"wp:featuredmedia":[{"embeddable":true,"href":"https:\/\/www.ambienteyenergia.gob.ec\/ambiente\/wp-json\/wp\/v2\/media\/24775"}],"wp:attachment":[{"href":"https:\/\/www.ambienteyenergia.gob.ec\/ambiente\/wp-json\/wp\/v2\/media?parent=24774"}],"wp:term":[{"taxonomy":"category","embeddable":true,"href":"https:\/\/www.ambienteyenergia.gob.ec\/ambiente\/wp-json\/wp\/v2\/categories?post=24774"},{"taxonomy":"post_tag","embeddable":true,"href":"https:\/\/www.ambienteyenergia.gob.ec\/ambiente\/wp-json\/wp\/v2\/tags?post=24774"}],"curies":[{"name":"wp","href":"https:\/\/api.w.org\/{rel}","templated":true}]}}