{"id":24768,"date":"2015-03-19T09:21:48","date_gmt":"2015-03-19T14:21:48","guid":{"rendered":"http:\/\/www.ambiente.gob.ec\/?p=24768"},"modified":"2015-03-19T09:21:48","modified_gmt":"2015-03-19T14:21:48","slug":"banco-del-pacifico-recibio-reconocimiento-carbono-neutral-por-parte-de-la-universidad-earth","status":"publish","type":"post","link":"https:\/\/www.ambienteyenergia.gob.ec\/ambiente\/banco-del-pacifico-recibio-reconocimiento-carbono-neutral-por-parte-de-la-universidad-earth\/","title":{"rendered":"Banco del Pac\u00edfico recibi\u00f3 Reconocimiento Carbono Neutral por parte de la Universidad Earth"},"content":{"rendered":"<p style=\"font-style: normal; font-weight: normal; text-align: justify;\"><span style=\"font-family: Calibri,sans-serif;\"><span style=\"font-size: medium;\">La Viceministra de Ambiente, Lorena S\u00e1nchez particip\u00f3 en la entrega del Reconocimiento &#8216;Carbono Neutro&#8217; otorgado por la Universidad Earth de Costa Rica al Banco del Pac\u00edfico por su programa de reducci\u00f3n y compensaci\u00f3n de gases de efecto invernadero. <\/span><\/span><\/p>\n<p style=\"font-style: normal; font-weight: normal; text-align: justify;\"><span style=\"font-family: Calibri,sans-serif;\"><span style=\"font-size: medium;\">Este reconocimiento se logr\u00f3 en 9 edificios de la entidad financiera (5 en Guayaquil y 4 en Quito) por la reducci\u00f3n del 5,45% anual de las emisiones de gases de invernadero producidas por las operaciones de la instituci\u00f3n. El 94,55% restante de las emisiones es compensado a trav\u00e9s de la conservaci\u00f3n de 296 hect\u00e1reas de bosques, como parte de un convenio suscrito en mayo pasado con el Ministerio del Ambiente de Ecuador (MAE) y su Plan Nacional de Incentivos a la Conservaci\u00f3n.<\/span><\/span><\/p>\n<p style=\"font-style: normal; font-weight: normal; text-align: justify;\">\u201c<span style=\"font-family: Calibri,sans-serif;\"><span style=\"font-size: medium;\">Dentro del concepto de responsabilidad social que el Banco, uno de los temas fundamentales es el de de contaminar menos\u201d coment\u00f3 Efrain Vieria, Presidente Ejecutivo de Banco del Pac\u00edfico, al recibir este reconocimiento que tiene duraci\u00f3n de tres a\u00f1os. <\/span><\/span><\/p>\n<p style=\"font-style: normal; font-weight: normal; text-align: justify;\"><span style=\"font-family: Calibri,sans-serif;\"><span style=\"font-size: medium;\">Las acciones que el Banco implement\u00f3 para reducir la emisi\u00f3n de gases de efecto invernadero fueron la mejora en eficiencia energ\u00e9tica, por medio del reemplazo de tubos flourescentes por luces LED, remoci\u00f3n de 374 l\u00e1mparas flourescentes en los pasillos, mantenimiento preventivo de equipos que consumen gas refrigerante, uso de teleconferencias para evitar y disminuir viajes innecesarios, entre otros. <\/span><\/span><\/p>\n<p style=\"font-style: normal; font-weight: normal; text-align: justify;\"><span style=\"font-family: Calibri,sans-serif;\"><span style=\"font-size: medium;\">Estas iniciativas dieron como resultado la reducci\u00f3n estimada de 430,10 toneladas de CO2. <\/span><\/span><\/p>\n<p style=\"font-style: normal; font-weight: normal; text-align: justify;\">\u201c<span style=\"font-family: Calibri,sans-serif;\"><span style=\"font-size: medium;\">Mis m\u00e1s sinceras felicitaciones al Banco del Pac\u00edfico, a sus directivos y a su equipo, pues esto demuestra la voluntad que han puesto cada uno de ustedes al ponerse el reto de alcanzar el Reconocimiento Carbono Neutro\u201d, resalt\u00f3 la Viceministra, Lorena S\u00e1nchez, en su discurso.\/gr-ds<\/span><\/span><\/p>\n","protected":false},"excerpt":{"rendered":"<p class=\"excerpt\">La Viceministra de Ambiente, Lorena S\u00e1nchez particip\u00f3 en la entrega del Reconocimiento &#8216;Carbono Neutro&#8217; otorgado por la Universidad Earth de Costa Rica al Banco del Pac\u00edfico por su programa de reducci\u00f3n y compensaci\u00f3n de gases de efecto invernadero. Este reconocimiento se logr\u00f3 en 9 edificios de la entidad financiera (5 en Guayaquil y 4 en Quito) por la reducci\u00f3n del&hellip; <a href=\"https:\/\/www.ambienteyenergia.gob.ec\/ambiente\/banco-del-pacifico-recibio-reconocimiento-carbono-neutral-por-parte-de-la-universidad-earth\/\">Read more &rarr;<\/a><\/p>\n","protected":false},"author":13,"featured_media":24769,"comment_status":"open","ping_status":"open","sticky":false,"template":"","format":"standard","meta":{"footnotes":""},"categories":[16,4],"tags":[],"class_list":["post-24768","post","type-post","status-publish","format-standard","has-post-thumbnail","hentry","category-comunicamos","category-noticias","xfolkentry"],"_links":{"self":[{"href":"https:\/\/www.ambienteyenergia.gob.ec\/ambiente\/wp-json\/wp\/v2\/posts\/24768","targetHints":{"allow":["GET"]}}],"collection":[{"href":"https:\/\/www.ambienteyenergia.gob.ec\/ambiente\/wp-json\/wp\/v2\/posts"}],"about":[{"href":"https:\/\/www.ambienteyenergia.gob.ec\/ambiente\/wp-json\/wp\/v2\/types\/post"}],"author":[{"embeddable":true,"href":"https:\/\/www.ambienteyenergia.gob.ec\/ambiente\/wp-json\/wp\/v2\/users\/13"}],"replies":[{"embeddable":true,"href":"https:\/\/www.ambienteyenergia.gob.ec\/ambiente\/wp-json\/wp\/v2\/comments?post=24768"}],"version-history":[{"count":0,"href":"https:\/\/www.ambienteyenergia.gob.ec\/ambiente\/wp-json\/wp\/v2\/posts\/24768\/revisions"}],"wp:featuredmedia":[{"embeddable":true,"href":"https:\/\/www.ambienteyenergia.gob.ec\/ambiente\/wp-json\/wp\/v2\/media\/24769"}],"wp:attachment":[{"href":"https:\/\/www.ambienteyenergia.gob.ec\/ambiente\/wp-json\/wp\/v2\/media?parent=24768"}],"wp:term":[{"taxonomy":"category","embeddable":true,"href":"https:\/\/www.ambienteyenergia.gob.ec\/ambiente\/wp-json\/wp\/v2\/categories?post=24768"},{"taxonomy":"post_tag","embeddable":true,"href":"https:\/\/www.ambienteyenergia.gob.ec\/ambiente\/wp-json\/wp\/v2\/tags?post=24768"}],"curies":[{"name":"wp","href":"https:\/\/api.w.org\/{rel}","templated":true}]}}