{"id":24761,"date":"2015-03-18T16:29:46","date_gmt":"2015-03-18T21:29:46","guid":{"rendered":"http:\/\/www.ambiente.gob.ec\/?p=24761"},"modified":"2015-03-19T11:29:28","modified_gmt":"2015-03-19T16:29:28","slug":"mae-brinda-un-historico-homenaje-a-recicladores-del-pais","status":"publish","type":"post","link":"https:\/\/www.ambienteyenergia.gob.ec\/ambiente\/mae-brinda-un-historico-homenaje-a-recicladores-del-pais\/","title":{"rendered":"MAE brinda un hist\u00f3rico homenaje a recicladores del pa\u00eds"},"content":{"rendered":"<p style=\"text-align: justify;\"><em>\u201cEcuador consolida un verdadero reciclaje inclusivo\u201d<\/em><\/p>\n<p style=\"text-align: justify;\">M\u00e1s de 1 000 recicladores de diferentes asociaciones y gremios del pa\u00eds formaron parte de una emotiva celebraci\u00f3n por el D\u00eda Mundial del Reciclador; que se llev\u00f3 a cabo con el fin de reconocer la gran labor que realizan estos hombres y mujeres, en favor del medio ambiente.<\/p>\n<p style=\"text-align: justify;\">\u201cEsa sensibilidad, esa pasi\u00f3n, esa entrega, esa perseverancia, ese profundo compromiso con nuestro pa\u00eds; son las mejores caracter\u00edsticas que pueden describir a nuestros recicladores. Son ustedes los pilares de esta gran cadena de reciclaje que permite garantizar un presente y un futuro m\u00e1s prospero\u201d se\u00f1al\u00f3 la Ministra del Ambiente, Lorena Tapia N\u00fa\u00f1ez.<\/p>\n<p style=\"text-align: justify;\">Al evento que se realiz\u00f3 en el Parque de Gu\u00e1pulo, asistieron adem\u00e1s representantes de la empresa privada, organizaciones sociales, alcaldes, ministros y el Presidente de la Rep\u00fablica, Rafael Correa; siendo la primera vez en la historia del Ecuador, en que un Presidente se re\u00fane con recicladores y recicladoras del pa\u00eds.<\/p>\n<p style=\"text-align: justify;\">\u201cEste es otro ejemplo de que Ecuador ya cambi\u00f3; porque estamos entre los pobres, entre la gente que realmente trabaja para llevar un plato de comida a sus hogares\u201d resalt\u00f3 Rafael Correa, Presidente de la Rep\u00fablica.<\/p>\n<p style=\"text-align: justify;\">La Red Nacional de Recicladores del Ecuador (Renarec), es una organizaci\u00f3n conformada desde el a\u00f1o 2008 y re\u00fane a m\u00e1s de 1 000 recolectores de materiales reciclables, que benefician alrededor de 20 000 familias; que gracias a nuevas pol\u00edticas y normativas emprendidas por el Ministerio del Ambiente del Ecuador (MAE), cuentan ya con un trabajo digno.<\/p>\n<p style=\"text-align: justify;\">\u201cLimpiamos el rostro del mundo con nuestras manos\u201d dicen los hombres y mujeres que d\u00eda a d\u00eda trabajan con orgullo en las calles de ciudades como Quito, Cuenca, Guayaquil, entre otros lugares; recolectando entre la basura materiales como papel, pl\u00e1stico, vidrio y chatarra.<\/p>\n<p style=\"text-align: justify;\">Seg\u00fan datos del MAE, el pa\u00eds gener\u00f3 alrededor de 245 000 toneladas de residuos reciclables en el 2014; de los cuales 122 500 fueron recuperados por los recicladores, ayudando no solo al cuidado del medio ambiente; sino tambi\u00e9n a la econom\u00eda del\u00a0 pa\u00eds. \u201cNosotros eramos vistos por la gente como basura, como personas sin valor, como un problema social por escarbar en la basura para reciclar. Pasaron muchos a\u00f1os y aparecieron compa\u00f1eros de ruta, personas comprometidas y que nos extendieron la mano, nos ayudaron a organizarnos y hoy tenemos un mejor estilo de vida\u201d dijo Laura Guanoluisa, Presidenta de la Red Nacional de Recicladores del Ecuador.<\/p>\n<p style=\"text-align: justify;\">Por su parte la Ministra del Ambiente reconoci\u00f3 que es importante trabajar con nuevas pol\u00edticas y normativas que cumplan y garanticen los derechos de los recicladores; y al mismo tiempo fortalecer el reciclaje inclusivo, con el fin de convertirse en un ejemplo a nivel internacional.<\/p>\n<p style=\"text-align: justify;\">\u201cLos ojos de la Regi\u00f3n en materia de reciclaje inclusivo est\u00e1n puestos en Ecuador, podemos observar el gran apoyo colectivo y multisectorial de este pa\u00eds; siendo una esperanza para quienes seguimos este camino\u201d se\u00f1al\u00f3 Ricardo Valencia, Director Estrat\u00e9gico de la Iniciativa Regional para el Reciclaje Inclusivo.<\/p>\n<p style=\"text-align: justify;\">Al finalizar el evento la Red Nacional del Recicladores del Ecuador, hizo la entrega oficial de chalecos de Renarec, al Presidente de la Rep\u00fablica, a la Ministra de Inclusi\u00f3n Econ\u00f3mica y Social; y a la Ministra del Ambiente, Lorena Tapia; nombr\u00e1ndolos como Socios Recicladores.<\/p>\n<p style=\"text-align: justify;\">De esta forma el compromiso de trabajar por el bienestar de este sector continuar\u00e1 en el 2015. \/\/MH<\/p>\n<p style=\"text-align: justify;\"><strong>El Dato<\/strong><\/p>\n<p style=\"text-align: justify;\">El 12 de febrero del 2014, la Renarec firm\u00f3 un convenio de apoyo de dos a\u00f1os con el Gobierno Nacional, logrando una alianza de trabajo y cooperaci\u00f3n con el Ministerio del Ambiente, Ministerio de Inclusi\u00f3n Econ\u00f3mica y Social y el Instituto Nacional de Econom\u00eda Popular y Solidaria.<\/p>\n","protected":false},"excerpt":{"rendered":"<p class=\"excerpt\">\u201cEcuador consolida un verdadero reciclaje inclusivo\u201d M\u00e1s de 1 000 recicladores de diferentes asociaciones y gremios del pa\u00eds formaron parte de una emotiva celebraci\u00f3n por el D\u00eda Mundial del Reciclador; que se llev\u00f3 a cabo con el fin de reconocer la gran labor que realizan estos hombres y mujeres, en favor del medio ambiente. \u201cEsa sensibilidad, esa pasi\u00f3n, esa entrega,&hellip; <a href=\"https:\/\/www.ambienteyenergia.gob.ec\/ambiente\/mae-brinda-un-historico-homenaje-a-recicladores-del-pais\/\">Read more &rarr;<\/a><\/p>\n","protected":false},"author":13,"featured_media":24764,"comment_status":"open","ping_status":"open","sticky":false,"template":"","format":"standard","meta":{"footnotes":""},"categories":[16,4],"tags":[],"class_list":["post-24761","post","type-post","status-publish","format-standard","has-post-thumbnail","hentry","category-comunicamos","category-noticias","xfolkentry"],"_links":{"self":[{"href":"https:\/\/www.ambienteyenergia.gob.ec\/ambiente\/wp-json\/wp\/v2\/posts\/24761","targetHints":{"allow":["GET"]}}],"collection":[{"href":"https:\/\/www.ambienteyenergia.gob.ec\/ambiente\/wp-json\/wp\/v2\/posts"}],"about":[{"href":"https:\/\/www.ambienteyenergia.gob.ec\/ambiente\/wp-json\/wp\/v2\/types\/post"}],"author":[{"embeddable":true,"href":"https:\/\/www.ambienteyenergia.gob.ec\/ambiente\/wp-json\/wp\/v2\/users\/13"}],"replies":[{"embeddable":true,"href":"https:\/\/www.ambienteyenergia.gob.ec\/ambiente\/wp-json\/wp\/v2\/comments?post=24761"}],"version-history":[{"count":0,"href":"https:\/\/www.ambienteyenergia.gob.ec\/ambiente\/wp-json\/wp\/v2\/posts\/24761\/revisions"}],"wp:featuredmedia":[{"embeddable":true,"href":"https:\/\/www.ambienteyenergia.gob.ec\/ambiente\/wp-json\/wp\/v2\/media\/24764"}],"wp:attachment":[{"href":"https:\/\/www.ambienteyenergia.gob.ec\/ambiente\/wp-json\/wp\/v2\/media?parent=24761"}],"wp:term":[{"taxonomy":"category","embeddable":true,"href":"https:\/\/www.ambienteyenergia.gob.ec\/ambiente\/wp-json\/wp\/v2\/categories?post=24761"},{"taxonomy":"post_tag","embeddable":true,"href":"https:\/\/www.ambienteyenergia.gob.ec\/ambiente\/wp-json\/wp\/v2\/tags?post=24761"}],"curies":[{"name":"wp","href":"https:\/\/api.w.org\/{rel}","templated":true}]}}