{"id":24757,"date":"2015-03-18T15:03:42","date_gmt":"2015-03-18T20:03:42","guid":{"rendered":"http:\/\/www.ambiente.gob.ec\/?p=24757"},"modified":"2015-03-18T15:03:42","modified_gmt":"2015-03-18T20:03:42","slug":"mae-inicia-estudios-cientificos-en-areas-protegidas-marino-y-costeras","status":"publish","type":"post","link":"https:\/\/www.ambienteyenergia.gob.ec\/ambiente\/mae-inicia-estudios-cientificos-en-areas-protegidas-marino-y-costeras\/","title":{"rendered":"MAE inicia estudios cient\u00edficos en \u00c1reas Protegidas Marino y Costeras"},"content":{"rendered":"<p style=\"margin-bottom: 0cm;\" align=\"JUSTIFY\"><span style=\"font-family: Calibri,sans-serif;\"><span style=\"font-size: medium;\"><span style=\"font-style: normal;\"><span style=\"font-weight: normal;\">El Ministerio del Ambiente (MAE), a trav\u00e9s del Proyecto de Conservaci\u00f3n Marina y Costera, inici\u00f3 el estudio sobre Inventarios Cuantitativos Submareales e Intermareales de Biodiversidad Marina en 6 \u00c1reas Marinas Costeras Protegidas y 4 Zonas de Posible Expansi\u00f3n con el objetivo de mejorar la conservaci\u00f3n de la biodiversidad marina y costera en el Ecuador continental.<\/span><\/span><\/span><\/span><\/p>\n<p style=\"margin-bottom: 0cm; font-style: normal; font-weight: normal;\" align=\"JUSTIFY\">\n<p style=\"margin-bottom: 0cm;\" align=\"JUSTIFY\"><span style=\"font-family: Calibri,sans-serif;\"><span style=\"font-size: medium;\"><span style=\"font-style: normal;\"><span style=\"font-weight: normal;\">Este estudio determinar\u00e1 el estado de la biodiversidad marina a fin de generar estrategias de manejo para su conservaci\u00f3n, pues en las zonas submareales e intermarreales <\/span><\/span><span lang=\"es-EC\"><span style=\"font-style: normal;\"><span style=\"font-weight: normal;\">existen importantes organismos para el soporte de actividades econ\u00f3micas de comunas costeras, principalmente. <\/span><\/span><\/span><span style=\"font-style: normal;\"><span style=\"font-weight: normal;\">Esta investigaci\u00f3n permitir\u00e1 obtener informaci\u00f3n y conocimientos para planificar acciones de protecci\u00f3n y conservaci\u00f3n de los recursos existentes. <\/span><\/span><\/span><\/span><\/p>\n<p style=\"margin-bottom: 0cm; font-style: normal; font-weight: normal;\" align=\"JUSTIFY\">\n<p style=\"margin-bottom: 0cm;\" align=\"JUSTIFY\"><span style=\"font-family: Calibri,sans-serif;\"><span style=\"font-size: medium;\"><span style=\"font-style: normal;\"><span style=\"font-weight: normal;\">Adem\u00e1s, <\/span><\/span><span style=\"font-style: normal;\"><span style=\"font-weight: normal;\"> la Subsecretar\u00eda de Gesti\u00f3n Marina y Costera realiza el Mapeo B\u00e9ntico y de Ecosistemas Marinos en 6 \u00c1reas Marinas y Costeras Protegidas y 4 Zonas de Posible Expansi\u00f3n,<\/span><\/span><span style=\"font-style: normal;\"><span style=\"font-weight: normal;\">con el cual se<\/span><\/span><span style=\"font-style: normal;\"><span style=\"font-weight: normal;\">busca establecer el estado <\/span><\/span><span lang=\"es-EC\"><span style=\"font-style: normal;\"><span style=\"font-weight: normal;\">de las caracter\u00edsticas f\u00edsicas y de ecosistemas de los fondos marinos de las \u00e1reas <\/span><\/span><\/span><span style=\"font-style: normal;\"><span style=\"font-weight: normal;\">Marino Costeras Protegidas, lo que orientar\u00e1 acciones eficientes de uso, gesti\u00f3n y conservaci\u00f3n de la zona marina de las \u00e1reas, con el fin de definir criterios t\u00e9cnicos para establecer la necesidad y posibilidad de expansi\u00f3n y\/o conectividad de las mismas.<\/span><\/span><\/span><\/span><\/p>\n<p style=\"margin-bottom: 0cm; font-style: normal; font-weight: normal;\" align=\"JUSTIFY\">\n<p style=\"margin-bottom: 0cm;\" align=\"JUSTIFY\"><span style=\"font-family: Calibri,sans-serif;\"><span style=\"font-size: medium;\"><span style=\"font-style: normal;\"><span style=\"font-weight: normal;\">Estos estudios se realizar\u00e1n en el a\u00f1o 2015, con lo que se espera cumplir con los objetivos programados del <\/span><\/span><span lang=\"es-ES\"><span style=\"font-style: normal;\"><span style=\"font-weight: normal;\">Proyecto \u00abConservaci\u00f3n de la Biodiversidad Marina y Costera de Ecuador\u00bb entre esta Cartera de Estado y el Banco Interamericano de Desarrollo.\/gr-ds<\/span><\/span><\/span><\/span><\/span><\/p>\n<p style=\"margin-bottom: 0cm;\">\n","protected":false},"excerpt":{"rendered":"<p class=\"excerpt\">El Ministerio del Ambiente (MAE), a trav\u00e9s del Proyecto de Conservaci\u00f3n Marina y Costera, inici\u00f3 el estudio sobre Inventarios Cuantitativos Submareales e Intermareales de Biodiversidad Marina en 6 \u00c1reas Marinas Costeras Protegidas y 4 Zonas de Posible Expansi\u00f3n con el objetivo de mejorar la conservaci\u00f3n de la biodiversidad marina y costera en el Ecuador continental. Este estudio determinar\u00e1 el estado&hellip; <a href=\"https:\/\/www.ambienteyenergia.gob.ec\/ambiente\/mae-inicia-estudios-cientificos-en-areas-protegidas-marino-y-costeras\/\">Read more &rarr;<\/a><\/p>\n","protected":false},"author":13,"featured_media":23214,"comment_status":"open","ping_status":"open","sticky":false,"template":"","format":"standard","meta":{"footnotes":""},"categories":[16,4],"tags":[],"class_list":["post-24757","post","type-post","status-publish","format-standard","has-post-thumbnail","hentry","category-comunicamos","category-noticias","xfolkentry"],"_links":{"self":[{"href":"https:\/\/www.ambienteyenergia.gob.ec\/ambiente\/wp-json\/wp\/v2\/posts\/24757","targetHints":{"allow":["GET"]}}],"collection":[{"href":"https:\/\/www.ambienteyenergia.gob.ec\/ambiente\/wp-json\/wp\/v2\/posts"}],"about":[{"href":"https:\/\/www.ambienteyenergia.gob.ec\/ambiente\/wp-json\/wp\/v2\/types\/post"}],"author":[{"embeddable":true,"href":"https:\/\/www.ambienteyenergia.gob.ec\/ambiente\/wp-json\/wp\/v2\/users\/13"}],"replies":[{"embeddable":true,"href":"https:\/\/www.ambienteyenergia.gob.ec\/ambiente\/wp-json\/wp\/v2\/comments?post=24757"}],"version-history":[{"count":0,"href":"https:\/\/www.ambienteyenergia.gob.ec\/ambiente\/wp-json\/wp\/v2\/posts\/24757\/revisions"}],"wp:featuredmedia":[{"embeddable":true,"href":"https:\/\/www.ambienteyenergia.gob.ec\/ambiente\/wp-json\/wp\/v2\/media\/23214"}],"wp:attachment":[{"href":"https:\/\/www.ambienteyenergia.gob.ec\/ambiente\/wp-json\/wp\/v2\/media?parent=24757"}],"wp:term":[{"taxonomy":"category","embeddable":true,"href":"https:\/\/www.ambienteyenergia.gob.ec\/ambiente\/wp-json\/wp\/v2\/categories?post=24757"},{"taxonomy":"post_tag","embeddable":true,"href":"https:\/\/www.ambienteyenergia.gob.ec\/ambiente\/wp-json\/wp\/v2\/tags?post=24757"}],"curies":[{"name":"wp","href":"https:\/\/api.w.org\/{rel}","templated":true}]}}