{"id":24756,"date":"2015-03-18T16:23:24","date_gmt":"2015-03-18T21:23:24","guid":{"rendered":"http:\/\/www.ambiente.gob.ec\/?p=24756"},"modified":"2015-03-18T16:26:34","modified_gmt":"2015-03-18T21:26:34","slug":"vivero-de-isla-isabela-reproduce-mangle-jeli","status":"publish","type":"post","link":"https:\/\/www.ambienteyenergia.gob.ec\/ambiente\/vivero-de-isla-isabela-reproduce-mangle-jeli\/","title":{"rendered":"Vivero de Isla Isabela reproduce mangle jel\u00ed"},"content":{"rendered":"<p style=\"margin-bottom: 0cm; text-align: justify;\">Aunque el h\u00e1bitat natural del mangle jel\u00ed (<i>Conocarpus erectus<\/i>) es de suelo salino y h\u00famedo, guardaparques de la Direcci\u00f3n del Parque Nacional Gal\u00e1pagos, del Ministerio del Ambiente, lograron la germinaci\u00f3n de 1 000 semillas de esta especie en el vivero forestal que mantiene esta entidad en la isla Isabela, localizado a unos 500 metros sobre el nivel del mar.<\/p>\n<p>Meses atr\u00e1s, se recolectaron y clasificaron alrededor de 1 200 semillas de mangle jel\u00ed, tambi\u00e9n conocido como mangle bot\u00f3n, especie nativa de Gal\u00e1pagos, presente en las islas Santa Cruz, San Crist\u00f3bal, Isabela y Santiago. Estas semillas fueron colocadas en tierra tratada, esterilizada y nutrida con sustrato org\u00e1nico, donde permanecieron entre cinco y seis meses, bajo los cuidados de los guardaparques.<\/p>\n<p>Una vez germinadas, las nuevas plantas pasan hasta 4 meses en la zona de preadaptaci\u00f3n, a fin de que est\u00e9n lo suficientemente fuertes para ser plantadas en su destino definitivo. Hasta el momento, 800 pl\u00e1ntulas ya han sido entregadas a instituciones p\u00fablicas, privadas y comunidad en general de Puerto Villamil, para la creaci\u00f3n de cercas vivas y jardines nativos.<\/p>\n<p>Los viveros forestales fueron implementados con el objetivo de reproducir plantas nativas y end\u00e9micas de Gal\u00e1pagos, con la finalidad de reforestar ecosistemas que han sido alterados por actividades humanas o por plantas introducidas, tanto en las \u00e1reas del parque nacional como en las zonas pobladas.<\/p>\n<p style=\"text-align: justify;\">Actualmente el vivero forestal de Isabela alberga 6 500 pl\u00e1ntulas de diferentes especies. \/ls-ds<\/p>\n<p style=\"margin-bottom: 0cm; text-align: justify;\">\n","protected":false},"excerpt":{"rendered":"<p class=\"excerpt\">Aunque el h\u00e1bitat natural del mangle jel\u00ed (Conocarpus erectus) es de suelo salino y h\u00famedo, guardaparques de la Direcci\u00f3n del Parque Nacional Gal\u00e1pagos, del Ministerio del Ambiente, lograron la germinaci\u00f3n de 1 000 semillas de esta especie en el vivero forestal que mantiene esta entidad en la isla Isabela, localizado a unos 500 metros sobre el nivel del mar. Meses&hellip; <a href=\"https:\/\/www.ambienteyenergia.gob.ec\/ambiente\/vivero-de-isla-isabela-reproduce-mangle-jeli\/\">Read more &rarr;<\/a><\/p>\n","protected":false},"author":13,"featured_media":24759,"comment_status":"open","ping_status":"open","sticky":false,"template":"","format":"standard","meta":{"footnotes":""},"categories":[16,4],"tags":[],"class_list":["post-24756","post","type-post","status-publish","format-standard","has-post-thumbnail","hentry","category-comunicamos","category-noticias","xfolkentry"],"_links":{"self":[{"href":"https:\/\/www.ambienteyenergia.gob.ec\/ambiente\/wp-json\/wp\/v2\/posts\/24756","targetHints":{"allow":["GET"]}}],"collection":[{"href":"https:\/\/www.ambienteyenergia.gob.ec\/ambiente\/wp-json\/wp\/v2\/posts"}],"about":[{"href":"https:\/\/www.ambienteyenergia.gob.ec\/ambiente\/wp-json\/wp\/v2\/types\/post"}],"author":[{"embeddable":true,"href":"https:\/\/www.ambienteyenergia.gob.ec\/ambiente\/wp-json\/wp\/v2\/users\/13"}],"replies":[{"embeddable":true,"href":"https:\/\/www.ambienteyenergia.gob.ec\/ambiente\/wp-json\/wp\/v2\/comments?post=24756"}],"version-history":[{"count":0,"href":"https:\/\/www.ambienteyenergia.gob.ec\/ambiente\/wp-json\/wp\/v2\/posts\/24756\/revisions"}],"wp:featuredmedia":[{"embeddable":true,"href":"https:\/\/www.ambienteyenergia.gob.ec\/ambiente\/wp-json\/wp\/v2\/media\/24759"}],"wp:attachment":[{"href":"https:\/\/www.ambienteyenergia.gob.ec\/ambiente\/wp-json\/wp\/v2\/media?parent=24756"}],"wp:term":[{"taxonomy":"category","embeddable":true,"href":"https:\/\/www.ambienteyenergia.gob.ec\/ambiente\/wp-json\/wp\/v2\/categories?post=24756"},{"taxonomy":"post_tag","embeddable":true,"href":"https:\/\/www.ambienteyenergia.gob.ec\/ambiente\/wp-json\/wp\/v2\/tags?post=24756"}],"curies":[{"name":"wp","href":"https:\/\/api.w.org\/{rel}","templated":true}]}}