{"id":24754,"date":"2015-03-18T14:26:36","date_gmt":"2015-03-18T19:26:36","guid":{"rendered":"http:\/\/www.ambiente.gob.ec\/?p=24754"},"modified":"2015-03-18T14:26:36","modified_gmt":"2015-03-18T19:26:36","slug":"mae-busca-el-fortalecimiento-de-las-areas-marino-y-costeras","status":"publish","type":"post","link":"https:\/\/www.ambienteyenergia.gob.ec\/ambiente\/mae-busca-el-fortalecimiento-de-las-areas-marino-y-costeras\/","title":{"rendered":"MAE busca el fortalecimiento de las \u00c1reas Marino y Costeras"},"content":{"rendered":"<p style=\"margin-bottom: 0cm; font-style: normal; font-weight: normal;\" align=\"JUSTIFY\"><span style=\"font-family: Calibri,sans-serif;\"><span style=\"font-size: medium;\">El Ministerio del Ambiente (MAE), a trav\u00e9s del Proyecto de Conservaci\u00f3n de Biodiversidad Marina y Costera de la Subsecretar\u00eda de Gesti\u00f3n Marina y Costera realizar\u00e1 3 estudios para el fortalecimiento de las \u00c1reas Marino y Costeras para este 2015. <\/span><\/span><\/p>\n<p style=\"margin-bottom: 0cm; font-style: normal; font-weight: normal;\" align=\"JUSTIFY\">\n<p style=\"margin-bottom: 0cm;\" align=\"JUSTIFY\"><span style=\"font-family: Calibri,sans-serif;\"><span style=\"font-size: medium;\"><span style=\"font-style: normal;\"><span style=\"font-weight: normal;\">El estudio de <\/span><\/span><span style=\"font-weight: normal;\">Dise\u00f1o de la Red de \u00c1reas Marinas Costeras Protegidas y su Plan Estrat\u00e9gico<\/span><span style=\"font-style: normal;\"><span style=\"font-weight: normal;\"> pretende implementar una propuesta para el desarrollo de este sistema como mecanismo para fortalecer la promoci\u00f3n y protecci\u00f3n de los ecosistemas marinos y costeros. Buscar\u00e1, adem\u00e1s, consolidar propuestas ya establecidas para permitir la conexi\u00f3n de las \u00e1reas protegidas a fin de tener una mayor protecci\u00f3n de las diferentes caracter\u00edsticas de la biodiversidad marino costera. <\/span><\/span><\/span><\/span><\/p>\n<p style=\"margin-bottom: 0cm; font-style: normal; font-weight: normal;\" align=\"JUSTIFY\">\n<p style=\"margin-bottom: 0cm;\" align=\"JUSTIFY\"><span style=\"font-family: Calibri,sans-serif;\"><span style=\"font-size: medium;\"><span style=\"font-style: normal;\"><span style=\"font-weight: normal;\">El<\/span><\/span><span style=\"font-weight: normal;\"> Estudio de Valoraci\u00f3n de Producci\u00f3n Bruta y de los Bienes y servicios Ambientales en 7 \u00c1reas Marinas y Costeras Protegidas <\/span><span style=\"font-style: normal;\"><span style=\"font-weight: normal;\">tiene como objetivo generar un sistema de valoraci\u00f3n econ\u00f3mica de los bienes (objetos que son producto de la naturaleza, como por ejemplo agua, madera) y servicios ambientales (funciones de los ecosistemas que generan beneficios y bienestar para las personas y las comunidades), los cuales sustentan actividades productivas como el turismo y la pesca.<\/span><\/span><\/span><\/span><\/p>\n<p style=\"margin-bottom: 0cm; font-style: normal; font-weight: normal;\">\n<p style=\"margin-bottom: 0cm;\" align=\"JUSTIFY\"><span style=\"font-family: Calibri,sans-serif;\"><span style=\"font-size: medium;\"><span style=\"font-style: normal;\"><span style=\"font-weight: normal;\">El <\/span><\/span><span style=\"font-weight: normal;\">Dise\u00f1o de un Sistema de Monitoreo para control y vigilancia de las \u00c1reas Marino Costeras Protegidas<\/span><span style=\"font-style: normal;\"><span style=\"font-weight: normal;\"> tiene como objetivo principal dise\u00f1ar un sistema de detecci\u00f3n y monitoreo para vigilancia del ingreso de embarcaciones a las \u00c1reas Marino Costeras Protegidas. Con este estudio se podr\u00e1 <\/span><\/span><span lang=\"es-ES\"><span style=\"font-style: normal;\"><span style=\"font-weight: normal;\">definir la tecnolog\u00eda m\u00e1s adecuada para el dise\u00f1o del futuro sistema de control de ingreso de embarcaciones menores y mayores.<\/span><\/span><\/span><\/span><\/span><\/p>\n<p lang=\"es-ES\" style=\"margin-bottom: 0cm; font-style: normal; font-weight: normal;\" align=\"JUSTIFY\">\n<p style=\"margin-bottom: 0cm;\" align=\"JUSTIFY\"><span style=\"font-family: Calibri,sans-serif;\"><span style=\"font-size: medium;\"><span lang=\"es-ES\"><span style=\"font-style: normal;\"><span style=\"font-weight: normal;\">Estos estudios se realizar\u00e1n durante 2015 para contribuir en las acciones que se realizan en las \u00e1reas protegidas marino costeras.\/gr-ds<\/span><\/span><\/span><\/span><\/span><\/p>\n","protected":false},"excerpt":{"rendered":"<p class=\"excerpt\">El Ministerio del Ambiente (MAE), a trav\u00e9s del Proyecto de Conservaci\u00f3n de Biodiversidad Marina y Costera de la Subsecretar\u00eda de Gesti\u00f3n Marina y Costera realizar\u00e1 3 estudios para el fortalecimiento de las \u00c1reas Marino y Costeras para este 2015. El estudio de Dise\u00f1o de la Red de \u00c1reas Marinas Costeras Protegidas y su Plan Estrat\u00e9gico pretende implementar una propuesta para&hellip; <a href=\"https:\/\/www.ambienteyenergia.gob.ec\/ambiente\/mae-busca-el-fortalecimiento-de-las-areas-marino-y-costeras\/\">Read more &rarr;<\/a><\/p>\n","protected":false},"author":13,"featured_media":23214,"comment_status":"open","ping_status":"open","sticky":false,"template":"","format":"standard","meta":{"footnotes":""},"categories":[16,4],"tags":[],"class_list":["post-24754","post","type-post","status-publish","format-standard","has-post-thumbnail","hentry","category-comunicamos","category-noticias","xfolkentry"],"_links":{"self":[{"href":"https:\/\/www.ambienteyenergia.gob.ec\/ambiente\/wp-json\/wp\/v2\/posts\/24754","targetHints":{"allow":["GET"]}}],"collection":[{"href":"https:\/\/www.ambienteyenergia.gob.ec\/ambiente\/wp-json\/wp\/v2\/posts"}],"about":[{"href":"https:\/\/www.ambienteyenergia.gob.ec\/ambiente\/wp-json\/wp\/v2\/types\/post"}],"author":[{"embeddable":true,"href":"https:\/\/www.ambienteyenergia.gob.ec\/ambiente\/wp-json\/wp\/v2\/users\/13"}],"replies":[{"embeddable":true,"href":"https:\/\/www.ambienteyenergia.gob.ec\/ambiente\/wp-json\/wp\/v2\/comments?post=24754"}],"version-history":[{"count":0,"href":"https:\/\/www.ambienteyenergia.gob.ec\/ambiente\/wp-json\/wp\/v2\/posts\/24754\/revisions"}],"wp:featuredmedia":[{"embeddable":true,"href":"https:\/\/www.ambienteyenergia.gob.ec\/ambiente\/wp-json\/wp\/v2\/media\/23214"}],"wp:attachment":[{"href":"https:\/\/www.ambienteyenergia.gob.ec\/ambiente\/wp-json\/wp\/v2\/media?parent=24754"}],"wp:term":[{"taxonomy":"category","embeddable":true,"href":"https:\/\/www.ambienteyenergia.gob.ec\/ambiente\/wp-json\/wp\/v2\/categories?post=24754"},{"taxonomy":"post_tag","embeddable":true,"href":"https:\/\/www.ambienteyenergia.gob.ec\/ambiente\/wp-json\/wp\/v2\/tags?post=24754"}],"curies":[{"name":"wp","href":"https:\/\/api.w.org\/{rel}","templated":true}]}}