{"id":24748,"date":"2015-03-18T12:12:45","date_gmt":"2015-03-18T17:12:45","guid":{"rendered":"http:\/\/www.ambiente.gob.ec\/?p=24748"},"modified":"2015-03-18T12:13:34","modified_gmt":"2015-03-18T17:13:34","slug":"contecon-guayaquil-s-a-el-primer-puerto-ecoeficiente-del-ecuador-recibio-su-certificacion-punto-verde","status":"publish","type":"post","link":"https:\/\/www.ambienteyenergia.gob.ec\/ambiente\/contecon-guayaquil-s-a-el-primer-puerto-ecoeficiente-del-ecuador-recibio-su-certificacion-punto-verde\/","title":{"rendered":"Contecon Guayaquil S.A., el primer puerto ecoeficiente del Ecuador recibi\u00f3 su Certificaci\u00f3n Punto Verde"},"content":{"rendered":"<p>Contecon Guayaquil recibi\u00f3, de parte del Ministerio del Ambiente de Ecuador (MAE) la Certificaci\u00f3n Ecuatoriana Ambiental Punto Verde por la aplicaci\u00f3n de cuatro casos de Producci\u00f3n m\u00e1s Limpia, lo que lo reconoce como el primer puerto ecoeficiente del pa\u00eds.<\/p>\n<p>Durante el evento, que cont\u00f3 con la presencia de la Viceministra de Ambiente, Lorena S\u00e1nchez; Jos\u00e9 Miguel Mu\u00f1oz,Gerente General y Gustavo Cercos, Director de Ingenier\u00eda de Contecon se reconoci\u00f3 el uso de tecnolog\u00edas limpias en procesos de producci\u00f3n, mismos que fueron implementados por el puerto hace cinco a\u00f1os.<\/p>\n<p>Lorena S\u00e1nchez felicit\u00f3 a Contecon por los resultados obtenidos por esta instituci\u00f3n que logr\u00f3 la reducci\u00f3n de 100% en el consumo de di\u00e9sel por la electrificaci\u00f3n de ocho gr\u00faas RTG, dismunuci\u00f3n en el 83,63% de consumo de di\u00e9sel por el cambio de suministro de energ\u00eda de power packs a reefers; eliminaci\u00f3n de un 95,24% en la emisi\u00f3n de di\u00f3xido de carbono (CO2) a la atm\u00f3sfera por la optimizaci\u00f3n de movimientos internos de los equipos, mediante la implementaci\u00f3n de pesaje de carga en gr\u00faa, adem\u00e1s de reducir en un 21% la utilizaci\u00f3n de aceites lubricantes por la implementaci\u00f3n de sistemas de apagado autom\u00e1tico de gr\u00faas. \u201cPorcentajes contundentes ganadores sin duda alguna\u201d, reconoci\u00f3 S\u00e1nchez.<\/p>\n<p>\u201cDefinitivamente, la aplicaci\u00f3n de estos cuatro proyectos de producci\u00f3n m\u00e1s limpia son rentables y los hace acreedores a la Certificaci\u00f3n Ecuatoriana Ambiental &#8216;Punto Verde&#8217; como una empresa Ecoeficiente\u201d, recalc\u00f3 en su discurso, la Viceministra, en representaci\u00f3n de la M\u00e1xima Autoridad Ambiental, Lorena Tapia N\u00fa\u00f1ez.<\/p>\n<p>Mu\u00f1oz reconoci\u00f3 que en la actualidad el puerto cuenta con 17 m\u00e1quinas electrificadas que no producen emisiones al ambiente, puesto que han reemplazado sus generadores a di\u00e9sel por barras el\u00e9ctricas, lo que significa un ahorro de 50 000 galones de combustible al a\u00f1o.\u201cEstamos comprometidos con la seguridad y eficiencia en nuestras operaciones, pues queremos un puerto ecoeficiente y moderno, que aporte al crecimiento del pa\u00eds, con servicios de nivel internacional\u201d recalc\u00f3 el Gerente General de Contecon.<\/p>\n<p>Gustavo Cercos, Director de Ingenier\u00eda mencion\u00f3 que recibir esta certificaci\u00f3n es un logro. \u201cTodo el equipo de ingenier\u00eda ha trabajado cinco a\u00f1os en estos proyectos de producci\u00f3n m\u00e1s limpia y ahora nuestra instituci\u00f3n puede ser tomada como un ejemplo a seguir por otras empresas, tanto a nivel nacional como internacional.<\/p>\n<p>Esta Secretar\u00eda del Ambiente busca que m\u00e1s empresas como Contecon se sumen a estas iniciativas a favor del cuidado ambiental, para un Ecuador Verde. \/sj-ds<\/p>\n<p><strong>El Dato<\/strong><\/p>\n<p>Las gr\u00faas RTG sirven para el traslado de contenedores en patio, mientras que las tomas refeer son utilizadas para mantener la cadena de fr\u00edo para aquellos productos que as\u00ed lo requieran en su tr\u00e1nsito hacia los mercados internacionales.<\/p>\n<p>&nbsp;<\/p>\n<p>&nbsp;<\/p>\n<p>&nbsp;<\/p>\n","protected":false},"excerpt":{"rendered":"<p class=\"excerpt\">Contecon Guayaquil recibi\u00f3, de parte del Ministerio del Ambiente de Ecuador (MAE) la Certificaci\u00f3n Ecuatoriana Ambiental Punto Verde por la aplicaci\u00f3n de cuatro casos de Producci\u00f3n m\u00e1s Limpia, lo que lo reconoce como el primer puerto ecoeficiente del pa\u00eds. Durante el evento, que cont\u00f3 con la presencia de la Viceministra de Ambiente, Lorena S\u00e1nchez; Jos\u00e9 Miguel Mu\u00f1oz,Gerente General y Gustavo&hellip; <a href=\"https:\/\/www.ambienteyenergia.gob.ec\/ambiente\/contecon-guayaquil-s-a-el-primer-puerto-ecoeficiente-del-ecuador-recibio-su-certificacion-punto-verde\/\">Read more &rarr;<\/a><\/p>\n","protected":false},"author":13,"featured_media":24749,"comment_status":"open","ping_status":"open","sticky":false,"template":"","format":"standard","meta":{"footnotes":""},"categories":[16,4],"tags":[],"class_list":["post-24748","post","type-post","status-publish","format-standard","has-post-thumbnail","hentry","category-comunicamos","category-noticias","xfolkentry"],"_links":{"self":[{"href":"https:\/\/www.ambienteyenergia.gob.ec\/ambiente\/wp-json\/wp\/v2\/posts\/24748","targetHints":{"allow":["GET"]}}],"collection":[{"href":"https:\/\/www.ambienteyenergia.gob.ec\/ambiente\/wp-json\/wp\/v2\/posts"}],"about":[{"href":"https:\/\/www.ambienteyenergia.gob.ec\/ambiente\/wp-json\/wp\/v2\/types\/post"}],"author":[{"embeddable":true,"href":"https:\/\/www.ambienteyenergia.gob.ec\/ambiente\/wp-json\/wp\/v2\/users\/13"}],"replies":[{"embeddable":true,"href":"https:\/\/www.ambienteyenergia.gob.ec\/ambiente\/wp-json\/wp\/v2\/comments?post=24748"}],"version-history":[{"count":0,"href":"https:\/\/www.ambienteyenergia.gob.ec\/ambiente\/wp-json\/wp\/v2\/posts\/24748\/revisions"}],"wp:featuredmedia":[{"embeddable":true,"href":"https:\/\/www.ambienteyenergia.gob.ec\/ambiente\/wp-json\/wp\/v2\/media\/24749"}],"wp:attachment":[{"href":"https:\/\/www.ambienteyenergia.gob.ec\/ambiente\/wp-json\/wp\/v2\/media?parent=24748"}],"wp:term":[{"taxonomy":"category","embeddable":true,"href":"https:\/\/www.ambienteyenergia.gob.ec\/ambiente\/wp-json\/wp\/v2\/categories?post=24748"},{"taxonomy":"post_tag","embeddable":true,"href":"https:\/\/www.ambienteyenergia.gob.ec\/ambiente\/wp-json\/wp\/v2\/tags?post=24748"}],"curies":[{"name":"wp","href":"https:\/\/api.w.org\/{rel}","templated":true}]}}