{"id":24745,"date":"2015-03-18T10:11:27","date_gmt":"2015-03-18T15:11:27","guid":{"rendered":"http:\/\/www.ambiente.gob.ec\/?p=24745"},"modified":"2015-03-18T10:11:27","modified_gmt":"2015-03-18T15:11:27","slug":"cuatro-anos-de-la-declaratoria-del-refugio-de-vida-silvestre-el-pambilar","status":"publish","type":"post","link":"https:\/\/www.ambienteyenergia.gob.ec\/ambiente\/cuatro-anos-de-la-declaratoria-del-refugio-de-vida-silvestre-el-pambilar\/","title":{"rendered":"Cuatro a\u00f1os de la declaratoria del Refugio de Vida Silvestre El Pambilar"},"content":{"rendered":"<p>El Refugio de Vida Silvestre El Pambilar ubicado en la provincia de Esmeraldas, es considerado como un punto estrat\u00e9gico de conservaci\u00f3n por la flora y fauna que albergan sus ecosistemas, los mismos que por encontrarse en el Choc\u00f3, el Pambilar es una de las regiones m\u00e1s lluviosas del planeta y por lo tanto de gran diversidad.<\/p>\n<p>&nbsp;<\/p>\n<p>Esta zona se caracteriza por ser un bosque nativo primario, refugio de flora y fauna silvestre, adem\u00e1s se encuentran fuentes y nacimientos de agua que son afluentes de grandes r\u00edos de la costa ecuatoriana como el \u00d3nzole (afluente del Cayapas), el Meribe (afluente del r\u00edo Verde) y el r\u00edo La Desgracia (afluente del Canand\u00e9, que a su vez es afluente del Esmeraldas), por estas caracter\u00edsticas de acuerdo a lo que establece el Sistema Nacional de \u00c1reas Protegidas (SNAP), el 18 de marzo del 2010 esta \u00e1rea es declarada como Refugio de Vida Silvestre El Pambilar.<\/p>\n<p>&nbsp;<\/p>\n<p>A cuatro a\u00f1os de su declaratoria el Ministerio del Ambiente (MAE) ha implementado programas como el CEPA- Comunicaci\u00f3n, educaci\u00f3n y participaci\u00f3n ambiental, el mismo que se enfoca en capacitar a los pobladores de las zonas de amortiguamiento en temas de conservaci\u00f3n, monitoreo y cuidado ambiental, obteniendo como resultado el trabajo mancomunado entre esta Cartera de Estado y las comunidades.<\/p>\n<p>&nbsp;<\/p>\n<p>Asimismo, la implementaci\u00f3n de otros programas como de Manejo de Recursos Naturales y de Control y Vigilancia, son iniciativas que buscan el cumplimiento de las leyes ambientales para prevenir amenazas e impactos negativos en la zona, as\u00ed como el manejo de los recursos de manera sustentable.<\/p>\n<p>&nbsp;<\/p>\n<p>En la extensi\u00f3n de 3.123 hect\u00e1reas que abarca la zona de El Pambilar existen \u00e1rboles muy antiguos y de gran tama\u00f1o como son el figueroa, moral bobo, colorado, chanul, fern\u00e1n s\u00e1nchez y guayac\u00e1n. Tambi\u00e9n, habitan aves como la pava de monte del Choc\u00f3, el gavil\u00e1n plomizo, el loro alibronceado, el guacamayo verde mayor (tambi\u00e9n conocido como guacamayo de Guayaquil), el chotacabras del Choc\u00f3 y varias especies de tucanes, carpinteros y trepatroncos. As\u00ed como especies de mam\u00edferos consideradas en peligro de extinci\u00f3n como el jaguar, el pecar\u00ed de labio blanco y el mono ara\u00f1a de cabeza caf\u00e9.<\/p>\n<p>&nbsp;<\/p>\n<p>&nbsp;<\/p>\n<p>El MAE como gestor ambiental del pa\u00eds invierte sus esfuerzos en el cumpliemiento del Plan de Manejo que fue elaborado en el 2011 y que se encuentra en vigencia, garantizando la conservaci\u00f3n de sus ecosistemas y la preservaci\u00f3n de la vida silvestre que habita en esta zona, de esta manera se fomenta la investigaci\u00f3n cient\u00edfica del lugar y se genera una conciencia ambiental en las comunidades aleda\u00f1as, mejorando sus pr\u00e1cticas de acuerdo a los principios de desarrollo sustentable y manejo sostenible.<\/p>\n<p>&nbsp;<\/p>\n<p>&nbsp;<\/p>\n","protected":false},"excerpt":{"rendered":"<p class=\"excerpt\">El Refugio de Vida Silvestre El Pambilar ubicado en la provincia de Esmeraldas, es considerado como un punto estrat\u00e9gico de conservaci\u00f3n por la flora y fauna que albergan sus ecosistemas, los mismos que por encontrarse en el Choc\u00f3, el Pambilar es una de las regiones m\u00e1s lluviosas del planeta y por lo tanto de gran diversidad. &nbsp; Esta zona se&hellip; <a href=\"https:\/\/www.ambienteyenergia.gob.ec\/ambiente\/cuatro-anos-de-la-declaratoria-del-refugio-de-vida-silvestre-el-pambilar\/\">Read more &rarr;<\/a><\/p>\n","protected":false},"author":13,"featured_media":24746,"comment_status":"open","ping_status":"open","sticky":false,"template":"","format":"standard","meta":{"footnotes":""},"categories":[16,4],"tags":[],"class_list":["post-24745","post","type-post","status-publish","format-standard","has-post-thumbnail","hentry","category-comunicamos","category-noticias","xfolkentry"],"_links":{"self":[{"href":"https:\/\/www.ambienteyenergia.gob.ec\/ambiente\/wp-json\/wp\/v2\/posts\/24745","targetHints":{"allow":["GET"]}}],"collection":[{"href":"https:\/\/www.ambienteyenergia.gob.ec\/ambiente\/wp-json\/wp\/v2\/posts"}],"about":[{"href":"https:\/\/www.ambienteyenergia.gob.ec\/ambiente\/wp-json\/wp\/v2\/types\/post"}],"author":[{"embeddable":true,"href":"https:\/\/www.ambienteyenergia.gob.ec\/ambiente\/wp-json\/wp\/v2\/users\/13"}],"replies":[{"embeddable":true,"href":"https:\/\/www.ambienteyenergia.gob.ec\/ambiente\/wp-json\/wp\/v2\/comments?post=24745"}],"version-history":[{"count":0,"href":"https:\/\/www.ambienteyenergia.gob.ec\/ambiente\/wp-json\/wp\/v2\/posts\/24745\/revisions"}],"wp:featuredmedia":[{"embeddable":true,"href":"https:\/\/www.ambienteyenergia.gob.ec\/ambiente\/wp-json\/wp\/v2\/media\/24746"}],"wp:attachment":[{"href":"https:\/\/www.ambienteyenergia.gob.ec\/ambiente\/wp-json\/wp\/v2\/media?parent=24745"}],"wp:term":[{"taxonomy":"category","embeddable":true,"href":"https:\/\/www.ambienteyenergia.gob.ec\/ambiente\/wp-json\/wp\/v2\/categories?post=24745"},{"taxonomy":"post_tag","embeddable":true,"href":"https:\/\/www.ambienteyenergia.gob.ec\/ambiente\/wp-json\/wp\/v2\/tags?post=24745"}],"curies":[{"name":"wp","href":"https:\/\/api.w.org\/{rel}","templated":true}]}}