{"id":24739,"date":"2015-03-17T15:23:23","date_gmt":"2015-03-17T20:23:23","guid":{"rendered":"http:\/\/www.ambiente.gob.ec\/?p=24739"},"modified":"2015-03-18T12:16:31","modified_gmt":"2015-03-18T17:16:31","slug":"taller-internacional-bio-invasiones-marinas-en-ecosistemas-insulares-tropicales","status":"publish","type":"post","link":"https:\/\/www.ambienteyenergia.gob.ec\/ambiente\/taller-internacional-bio-invasiones-marinas-en-ecosistemas-insulares-tropicales\/","title":{"rendered":"MAE fortalece conocimientos y habilidades de los Gu\u00edas Naturalistas mediante el desarrollo del curso de Primeros Auxilios y Medicina en Monta\u00f1a"},"content":{"rendered":"<p style=\"margin-bottom: 0cm;\" align=\"JUSTIFY\">La Direcci\u00f3n Provincial del Ambiente de Chimborazo como ente regulador y gestor en las \u00e1reas protegidas bajo su rector\u00eda, monitorea constantemente el cumplimiento de las actividades tur\u00edsticas a cabalidad; ante lo cual en coordinaci\u00f3n con el Grupo de Operaciones Especiales &#8211; GOE se encuentra desarrollando el Programa de Voluntariado de los Gu\u00edas Naturalistas I y II de la Reserva Chimborazo, con el objetivo de fortalecer los conocimientos y experticia de los actores del turismo en el \u00e1rea protegida en los \u00e1mbitos de Primero Auxilios y Medicina en Monta\u00f1a, en el cual podr\u00e1n actuar ante emergencias suscitadas.<\/p>\n<p style=\"margin-bottom: 0cm; background: #ffffff;\" align=\"JUSTIFY\">El curso se desarrolla con la participaci\u00f3n de 26 participantes, siendo los beneficiarios directos Gu\u00edas Naturalistas I y II, quienes se capacitan en \u00e9ste \u00e1mbito de manera te\u00f3rica y pr\u00e1ctica, tambi\u00e9n se cuenta con la participaci\u00f3n del personal del \u00e1rea protegida, quienes durante sus actividades asisten de forma inmediata al visitante.<\/p>\n<p style=\"margin-bottom: 0cm; background: #ffffff;\" align=\"JUSTIFY\">Est\u00e1s capacitaciones se llevaron a cabo desde el d\u00eda mi\u00e9rcoles 11 hasta el s\u00e1bado 14 de marzo del 2015, en el aula # 002 de la Escuela de Ingenier\u00eda en Ecoturismo de la ESPOCH, en horario de 09h00 a 13h00.<\/p>\n<p style=\"margin-bottom: 0cm;\" align=\"JUSTIFY\"><span style=\"color: #000000;\"><span style=\"background: #ffffff;\">El Ministerio de Ambiente en cumplimiento a la Legislaci\u00f3n Ambiental y en servicio a la Ciudadan\u00eda apoya este tipo de actividades en los diferentes sectores tur\u00edsticos como son los Gu\u00edas Naturalistas mediante el fortalecimiento de las capacidades locales, conservaci\u00f3n de la biodiversidad <\/span><\/span>y <span style=\"color: #000000;\"><span style=\"background: #ffffff;\">garantizando la seguridad del visitante, as\u00ed como el nivel de satisfacci\u00f3n de los mismos.\/xa-ds<\/span><\/span><\/p>\n","protected":false},"excerpt":{"rendered":"<p class=\"excerpt\">La Direcci\u00f3n Provincial del Ambiente de Chimborazo como ente regulador y gestor en las \u00e1reas protegidas bajo su rector\u00eda, monitorea constantemente el cumplimiento de las actividades tur\u00edsticas a cabalidad; ante lo cual en coordinaci\u00f3n con el Grupo de Operaciones Especiales &#8211; GOE se encuentra desarrollando el Programa de Voluntariado de los Gu\u00edas Naturalistas I y II de la Reserva Chimborazo,&hellip; <a href=\"https:\/\/www.ambienteyenergia.gob.ec\/ambiente\/taller-internacional-bio-invasiones-marinas-en-ecosistemas-insulares-tropicales\/\">Read more &rarr;<\/a><\/p>\n","protected":false},"author":13,"featured_media":24742,"comment_status":"open","ping_status":"open","sticky":false,"template":"","format":"standard","meta":{"footnotes":""},"categories":[16,4],"tags":[],"class_list":["post-24739","post","type-post","status-publish","format-standard","has-post-thumbnail","hentry","category-comunicamos","category-noticias","xfolkentry"],"_links":{"self":[{"href":"https:\/\/www.ambienteyenergia.gob.ec\/ambiente\/wp-json\/wp\/v2\/posts\/24739","targetHints":{"allow":["GET"]}}],"collection":[{"href":"https:\/\/www.ambienteyenergia.gob.ec\/ambiente\/wp-json\/wp\/v2\/posts"}],"about":[{"href":"https:\/\/www.ambienteyenergia.gob.ec\/ambiente\/wp-json\/wp\/v2\/types\/post"}],"author":[{"embeddable":true,"href":"https:\/\/www.ambienteyenergia.gob.ec\/ambiente\/wp-json\/wp\/v2\/users\/13"}],"replies":[{"embeddable":true,"href":"https:\/\/www.ambienteyenergia.gob.ec\/ambiente\/wp-json\/wp\/v2\/comments?post=24739"}],"version-history":[{"count":0,"href":"https:\/\/www.ambienteyenergia.gob.ec\/ambiente\/wp-json\/wp\/v2\/posts\/24739\/revisions"}],"wp:featuredmedia":[{"embeddable":true,"href":"https:\/\/www.ambienteyenergia.gob.ec\/ambiente\/wp-json\/wp\/v2\/media\/24742"}],"wp:attachment":[{"href":"https:\/\/www.ambienteyenergia.gob.ec\/ambiente\/wp-json\/wp\/v2\/media?parent=24739"}],"wp:term":[{"taxonomy":"category","embeddable":true,"href":"https:\/\/www.ambienteyenergia.gob.ec\/ambiente\/wp-json\/wp\/v2\/categories?post=24739"},{"taxonomy":"post_tag","embeddable":true,"href":"https:\/\/www.ambienteyenergia.gob.ec\/ambiente\/wp-json\/wp\/v2\/tags?post=24739"}],"curies":[{"name":"wp","href":"https:\/\/api.w.org\/{rel}","templated":true}]}}