{"id":24735,"date":"2015-03-16T20:02:59","date_gmt":"2015-03-17T01:02:59","guid":{"rendered":"http:\/\/www.ambiente.gob.ec\/?p=24735"},"modified":"2015-03-17T11:17:20","modified_gmt":"2015-03-17T16:17:20","slug":"mae-participa-en-la-elaboracion-del-codigo-organico-del-ambiente","status":"publish","type":"post","link":"https:\/\/www.ambienteyenergia.gob.ec\/ambiente\/mae-participa-en-la-elaboracion-del-codigo-organico-del-ambiente\/","title":{"rendered":"MAE participa en la elaboraci\u00f3n del C\u00f3digo Org\u00e1nico del Ambiente"},"content":{"rendered":"<p style=\"text-align: justify;\">La Ministra del Ambiente, Lorena Tapia N\u00fa\u00f1ez acudi\u00f3 a la Comisi\u00f3n de Biodiversidad y Recursos Naturales de la Asamblea Nacional, con el fin de aportar en la construcci\u00f3n del C\u00f3digo Org\u00e1nico del Ambiente y en la socializaci\u00f3n del mismo.<\/p>\n<p style=\"text-align: justify;\">\n<p style=\"text-align: justify;\">El proyecto de ley contiene 297 art\u00edculos, 3 disposiciones generales, 9 transitorias, 10 derogatorias y una final; y tiene por objeto regular el r\u00e9gimen institucional, patrimonio natural, calidad ambiental, cambio clim\u00e1tico, manejo sustentable de la zona marina y costera, r\u00e9gimen sancionador; el derecho individual y colectivo a vivir en un ambiente sano y ecol\u00f3gicamente equilibrado, que garantice la sostenibilidad y el buen vivir, as\u00ed como los derechos de la naturaleza.<\/p>\n<p style=\"text-align: justify;\">\n<p style=\"text-align: justify;\">La normativa est\u00e1 dividida en cinco Libros, el primero de ellos incluye dos t\u00edtulos referentes al Sistema Nacional Descentralizado de Gesti\u00f3n Ambiental y el segundo sobre Gobiernos Aut\u00f3nomos Descentralizados.<\/p>\n<p style=\"text-align: justify;\">\n<p style=\"text-align: justify;\">El Ministerio del Ambiente ser\u00e1 el responsable de articular el Sistema Nacional Descentralizado de Gesti\u00f3n Ambiental, permitiendo de esta manera articular a todas las instituciones p\u00fablicas del Estado que tengan alguna competencia ambiental. Adicionalmente se establecer\u00e1 una Agencia de Regulaci\u00f3n Ambiental y ser\u00e1 por tanto, aquella responsable de establecer el aspecto regulatorio en auditor\u00eda y de seguimiento en el marco del ejercicio de la competencia ambiental.<\/p>\n<p style=\"text-align: justify;\">\n<p style=\"text-align: justify;\">\u201cLa Autoridad Nacional Ambiental tendr\u00e1 un papel muy importante en este sentido, ya que ser\u00e1 el responsable de establecer la rector\u00eda, las directrices, la planificaci\u00f3n, el control y la coordinaci\u00f3n del Sistema Nacional Descentralizado de Control Ambiental, el Sistema \u00danico de Manejo Ambiental, el Sistema \u00fanico de Informaci\u00f3n Ambiental, Sistema Nacional de \u00c1reas Protegidas, el R\u00e9gimen Forestal Ecuatoriano y cualquier otro reglamento relativo a la competencia ambiental\u201d se\u00f1al\u00f3 la Ministra del Ambiente, Lorena Tapia.<\/p>\n<p style=\"text-align: justify;\">\n<p style=\"text-align: justify;\">Por otro lado, se resalt\u00f3 la creaci\u00f3n de la Agencia de Regulaci\u00f3n y Control del Ambiente (ARCAM), que para el ejercicio de sus competencias contar\u00e1 con u directorio conformado por un delegado de la Autoridad Nacional Ambiental, un representante responsable de planificaci\u00f3n de desarrollo y un delegado de la Presidencia de la Rep\u00fablica.<\/p>\n<p style=\"text-align: justify;\">\n<p style=\"text-align: justify;\">Referente a las competencias de los Gobiernos Aut\u00f3nomos Descentralizados la Ministra Lorena Tapia se\u00f1al\u00f3 que \u201cAhora como Ministerio del Ambiente nos encontramos justamente en el proceso de centralizaci\u00f3n de estas competencias de manera planificada, m\u00e1s efectiva; en territorio para resolver cualquier inquietud que exista con relaci\u00f3n a esta acreditaci\u00f3n\u201d.<\/p>\n<p style=\"text-align: justify;\">\n<p style=\"text-align: justify;\">El Ministerio del Ambiente, liderado por Lorena Tapia N\u00fa\u00f1ez continuar\u00e1 participando de este tipo de espacios de socializaci\u00f3n que buscan receptar inquietudes, aportes y planteamientos de los diferentes actores relacionados con la gesti\u00f3n ambiental.<\/p>\n<p style=\"text-align: justify;\">\n<p style=\"text-align: justify;\">Finalmente el Presidente de la Comisi\u00f3n de Biodiversidad, Carlos Viteri recalc\u00f3 que las diferentes entidades p\u00fablicas y privadas pueden enviar sus observaciones por escrito a la Comisi\u00f3n de Biodiversidad para que sean tomadas en consideraci\u00f3n.\/\/MH<\/p>\n","protected":false},"excerpt":{"rendered":"<p class=\"excerpt\">La Ministra del Ambiente, Lorena Tapia N\u00fa\u00f1ez acudi\u00f3 a la Comisi\u00f3n de Biodiversidad y Recursos Naturales de la Asamblea Nacional, con el fin de aportar en la construcci\u00f3n del C\u00f3digo Org\u00e1nico del Ambiente y en la socializaci\u00f3n del mismo. El proyecto de ley contiene 297 art\u00edculos, 3 disposiciones generales, 9 transitorias, 10 derogatorias y una final; y tiene por objeto&hellip; <a href=\"https:\/\/www.ambienteyenergia.gob.ec\/ambiente\/mae-participa-en-la-elaboracion-del-codigo-organico-del-ambiente\/\">Read more &rarr;<\/a><\/p>\n","protected":false},"author":13,"featured_media":24732,"comment_status":"open","ping_status":"open","sticky":false,"template":"","format":"standard","meta":{"footnotes":""},"categories":[16,4],"tags":[],"class_list":["post-24735","post","type-post","status-publish","format-standard","has-post-thumbnail","hentry","category-comunicamos","category-noticias","xfolkentry"],"_links":{"self":[{"href":"https:\/\/www.ambienteyenergia.gob.ec\/ambiente\/wp-json\/wp\/v2\/posts\/24735","targetHints":{"allow":["GET"]}}],"collection":[{"href":"https:\/\/www.ambienteyenergia.gob.ec\/ambiente\/wp-json\/wp\/v2\/posts"}],"about":[{"href":"https:\/\/www.ambienteyenergia.gob.ec\/ambiente\/wp-json\/wp\/v2\/types\/post"}],"author":[{"embeddable":true,"href":"https:\/\/www.ambienteyenergia.gob.ec\/ambiente\/wp-json\/wp\/v2\/users\/13"}],"replies":[{"embeddable":true,"href":"https:\/\/www.ambienteyenergia.gob.ec\/ambiente\/wp-json\/wp\/v2\/comments?post=24735"}],"version-history":[{"count":0,"href":"https:\/\/www.ambienteyenergia.gob.ec\/ambiente\/wp-json\/wp\/v2\/posts\/24735\/revisions"}],"wp:featuredmedia":[{"embeddable":true,"href":"https:\/\/www.ambienteyenergia.gob.ec\/ambiente\/wp-json\/wp\/v2\/media\/24732"}],"wp:attachment":[{"href":"https:\/\/www.ambienteyenergia.gob.ec\/ambiente\/wp-json\/wp\/v2\/media?parent=24735"}],"wp:term":[{"taxonomy":"category","embeddable":true,"href":"https:\/\/www.ambienteyenergia.gob.ec\/ambiente\/wp-json\/wp\/v2\/categories?post=24735"},{"taxonomy":"post_tag","embeddable":true,"href":"https:\/\/www.ambienteyenergia.gob.ec\/ambiente\/wp-json\/wp\/v2\/tags?post=24735"}],"curies":[{"name":"wp","href":"https:\/\/api.w.org\/{rel}","templated":true}]}}