{"id":24731,"date":"2015-03-16T20:35:50","date_gmt":"2015-03-17T01:35:50","guid":{"rendered":"http:\/\/www.ambiente.gob.ec\/?p=24731"},"modified":"2015-03-17T14:56:43","modified_gmt":"2015-03-17T19:56:43","slug":"recicladores-forman-parte-del-cambio-de-la-matriz-productiva-del-pais","status":"publish","type":"post","link":"https:\/\/www.ambienteyenergia.gob.ec\/ambiente\/recicladores-forman-parte-del-cambio-de-la-matriz-productiva-del-pais\/","title":{"rendered":"Recicladores forman parte del cambio de la Matriz Productiva del pa\u00eds"},"content":{"rendered":"<p lang=\"es-ES\" style=\"text-align: justify;\" align=\"JUSTIFY\"><span style=\"color: #000000;\"><span style=\"font-family: Calibri, sans-serif;\"><span style=\"font-size: medium;\">El reciclaje de residuos es una de las 13 cadenas productivas priorizadas por la Vicepresidencia de la Rep\u00fablica dentro de la Nueva Matriz Productiva del Estado. Este gran reto liderado por el Ministerio del Ambiente, involucra un cambio de paradigma que moviliza a la sociedad hacia una econom\u00eda m\u00e1s eficiente y solidaria.<\/span><\/span><\/span><\/p>\n<p lang=\"es-ES\" style=\"text-align: justify;\" align=\"JUSTIFY\"><span style=\"color: #000000;\"><span style=\"font-family: Calibri, sans-serif;\"><span style=\"font-size: medium;\">En febrero del 2014 esta Cartera de Estado suscribi\u00f3 el convenio marco de cooperaci\u00f3n, entre la Federaci\u00f3n Red Nacional de Recicladores del Ecuador (RENAREC), el Ministerio de Inclusi\u00f3n Econ\u00f3mica y Social (MIES) y el Instituto Nacional de Econom\u00eda Solidaria (IEPS) con el objetivo de promover pol\u00edticas p\u00fablicas que permitan el aprovechamiento de residuos s\u00f3lidos con inclusi\u00f3n social y econ\u00f3mica de los recicladores de base en el Pa\u00eds.<\/span><\/span><\/span><\/p>\n<p style=\"text-align: justify;\" align=\"JUSTIFY\"><span style=\"color: #000000;\"><span style=\"font-family: Calibri, sans-serif;\"><span style=\"font-size: medium;\"><span lang=\"es-ES\">Los principales resultados del convenio a un a\u00f1o de sus suscripci\u00f3n son: (1) La pol\u00edtica para reducir, reusar y reciclar el vidrio en el pa\u00eds tiene como premisa la inclusi\u00f3n social de recicladores; (2) Se definieron modelos de gesti\u00f3n inclusivos para Quito y Cuenca, ciudades que generan el 22% del total de residuos en el pa\u00eds; (3) Se modific\u00f3 la normativa ambiental para una \u00e1gil regularizaci\u00f3n de recicladores y para la obligatoriedad para que los Gobiernos Aut\u00f3nomos Descentralizados ejecuten sistemas de reciclaje bajo el principio de inclusi\u00f3n social; (4) La pol\u00edtica p\u00fablica del impuesto redimible de 0,02 centavos por botella PET ha mejorado significativamente los ingresos de los recicladores y ha fortalecido a sus organizaciones. (5) Se aclar\u00f3 la condici\u00f3n tributaria para las organizaciones de la EPS trav\u00e9s e una circular emitida por el SRI.<\/span><\/span><\/span><\/span><\/p>\n<p style=\"text-align: justify;\" align=\"JUSTIFY\"><span style=\"font-family: Calibri, sans-serif;\">Nuestro pa\u00eds genera alrededor de 4 millones 057mil toneladas anuales de residuos s\u00f3lidos, de las cuales el 25% (1\u00b4022.603 toneladas) son potencialmente reciclables (papel y cart\u00f3n 9,4%, pl\u00e1stico11%, vidrio 2,6% y chatarra 2,2%)<\/span><\/p>\n<p lang=\"es-ES\" style=\"text-align: justify;\" align=\"JUSTIFY\"><span style=\"font-family: Calibri, sans-serif;\"><span style=\"font-size: medium;\">Como resultado de las acciones realizadas y pol\u00edticas p\u00fablicas emitidas por la Autoridad Ambiental para promover el reciclaje de residuos, en el 2014 se logr\u00f3 recuperar y reciclar un aproximado de 244 924 toneladas de residuos entre papel, cart\u00f3n, pl\u00e1stico, vidrio, chatarra.<\/span><\/span><\/p>\n<p lang=\"es-ES\" style=\"text-align: justify;\" align=\"JUSTIFY\"><span style=\"font-family: Calibri, sans-serif;\"><span style=\"font-size: medium;\"><b>El Dato<\/b><\/span><\/span><\/p>\n<p lang=\"es-ES\" style=\"text-align: justify;\" align=\"JUSTIFY\"><span style=\"color: #000000;\"><span style=\"font-family: Calibri, sans-serif;\"><span style=\"font-size: medium;\">11 organizaciones de recicladores se han legalizado en la Superintendencia de Econom\u00eda Popular y Solidaria.<\/span><\/span><\/span><\/p>\n<p lang=\"es-ES\" style=\"text-align: justify;\" align=\"JUSTIFY\"><span style=\"color: #000000;\"><span style=\"font-family: Calibri, sans-serif;\"><span style=\"font-size: medium;\">La Red Nacional de Recicladores se cre\u00f3 en el a\u00f1o 2008 y \u201c\u2026para organizar a los recicladores, procurarles mejores condiciones de vida y de trabajo, y promover una mayor visibilidad y reconocimiento de estos trabajadores como actores econ\u00f3micos valiosos que benefician a la sociedad y a la sostenibilidad ambiental\u201d. (Inclusive Cities, 2014).<\/span><\/span><\/span><\/p>\n<p lang=\"es-ES\" style=\"text-align: justify;\" align=\"JUSTIFY\"><span style=\"color: #000000;\"><span style=\"font-family: Calibri, sans-serif;\"><span style=\"font-size: medium;\">El Reciclador de Base es el primer eslab\u00f3n de la cadena del reciclaje. Es capaz de distinguir de los residuos lo que es un material para recuperar, reutilizar y reciclar. Su labor se realizada en las calles, rellenos sanitarios, botaderos, escombreras y centros de acopio.\u00a0<\/span><\/span><\/span><\/p>\n","protected":false},"excerpt":{"rendered":"<p class=\"excerpt\">El reciclaje de residuos es una de las 13 cadenas productivas priorizadas por la Vicepresidencia de la Rep\u00fablica dentro de la Nueva Matriz Productiva del Estado. Este gran reto liderado por el Ministerio del Ambiente, involucra un cambio de paradigma que moviliza a la sociedad hacia una econom\u00eda m\u00e1s eficiente y solidaria. En febrero del 2014 esta Cartera de Estado&hellip; <a href=\"https:\/\/www.ambienteyenergia.gob.ec\/ambiente\/recicladores-forman-parte-del-cambio-de-la-matriz-productiva-del-pais\/\">Read more &rarr;<\/a><\/p>\n","protected":false},"author":13,"featured_media":24738,"comment_status":"open","ping_status":"open","sticky":false,"template":"","format":"standard","meta":{"footnotes":""},"categories":[16,4],"tags":[],"class_list":["post-24731","post","type-post","status-publish","format-standard","has-post-thumbnail","hentry","category-comunicamos","category-noticias","xfolkentry"],"_links":{"self":[{"href":"https:\/\/www.ambienteyenergia.gob.ec\/ambiente\/wp-json\/wp\/v2\/posts\/24731","targetHints":{"allow":["GET"]}}],"collection":[{"href":"https:\/\/www.ambienteyenergia.gob.ec\/ambiente\/wp-json\/wp\/v2\/posts"}],"about":[{"href":"https:\/\/www.ambienteyenergia.gob.ec\/ambiente\/wp-json\/wp\/v2\/types\/post"}],"author":[{"embeddable":true,"href":"https:\/\/www.ambienteyenergia.gob.ec\/ambiente\/wp-json\/wp\/v2\/users\/13"}],"replies":[{"embeddable":true,"href":"https:\/\/www.ambienteyenergia.gob.ec\/ambiente\/wp-json\/wp\/v2\/comments?post=24731"}],"version-history":[{"count":0,"href":"https:\/\/www.ambienteyenergia.gob.ec\/ambiente\/wp-json\/wp\/v2\/posts\/24731\/revisions"}],"wp:featuredmedia":[{"embeddable":true,"href":"https:\/\/www.ambienteyenergia.gob.ec\/ambiente\/wp-json\/wp\/v2\/media\/24738"}],"wp:attachment":[{"href":"https:\/\/www.ambienteyenergia.gob.ec\/ambiente\/wp-json\/wp\/v2\/media?parent=24731"}],"wp:term":[{"taxonomy":"category","embeddable":true,"href":"https:\/\/www.ambienteyenergia.gob.ec\/ambiente\/wp-json\/wp\/v2\/categories?post=24731"},{"taxonomy":"post_tag","embeddable":true,"href":"https:\/\/www.ambienteyenergia.gob.ec\/ambiente\/wp-json\/wp\/v2\/tags?post=24731"}],"curies":[{"name":"wp","href":"https:\/\/api.w.org\/{rel}","templated":true}]}}