{"id":24724,"date":"2015-03-16T11:59:02","date_gmt":"2015-03-16T16:59:02","guid":{"rendered":"http:\/\/www.ambiente.gob.ec\/?p=24724"},"modified":"2015-03-16T11:59:02","modified_gmt":"2015-03-16T16:59:02","slug":"mae-socializa-normativa-n-049-destino-final-y-procedimiento-de-aprovechamiento-forestal-en-orellana","status":"publish","type":"post","link":"https:\/\/www.ambienteyenergia.gob.ec\/ambiente\/mae-socializa-normativa-n-049-destino-final-y-procedimiento-de-aprovechamiento-forestal-en-orellana\/","title":{"rendered":"MAE socializa Normativa N\u00b0 049 \u2013 Destino Final Y Procedimiento De Aprovechamiento Forestal en Orellana"},"content":{"rendered":"<p style=\"text-align: justify;\">El Ministerio del Ambiente del Ecuador (MAE) a trav\u00e9s de la Direcci\u00f3n Provincial del Ambiente Orellana y la Direcci\u00f3n Nacional Forestal, organiz\u00f3 un taller de socializaci\u00f3n sobre la Normativa N\u00b0049 referente al destino final y procedimiento de aprovechamiento forestal a personas dedicadas a la explotaci\u00f3n, compra y venta de madera, con el fin de ense\u00f1ar e incentivar la importancia del manejo y utilizaci\u00f3n legal de los recursos forestales.<\/p>\n<p style=\"text-align: justify;\">El evento que se llev\u00f3 a cabo en la provincia de Orellana, tuvo la participaci\u00f3n de 28 ciudadanos del sector quienes fueron capacitados en diferentes tem\u00e1ticas concernientes a la actividad forestal, como: concientizaci\u00f3n del buen uso y manejo de los recursos de bosque existentes, la importancia de registrar su dep\u00f3sito o industria en el Registro Forestal y las ventajas que les proporciona para tener producto forestal legal.<\/p>\n<p style=\"text-align: justify;\">La normativa establecida en el Acuerdo Ministerial N\u00b0 049, establece los procedimientos administrativos utilizados para la verificaci\u00f3n y control forestal de la procedencia y destino final de los productos de la madera, que se aplicar\u00e1n a todos los establecimientos representados por personas naturales y jur\u00eddicas que tengan como objetivo la adquisici\u00f3n, transformaci\u00f3n, comercializaci\u00f3n o almacenaje de productos forestales.<\/p>\n<p style=\"text-align: justify;\">El Ministerio del Ambiente continuar\u00e1 realizando este tipo de socializaciones en todas las provincias, con la meta de sumar a m\u00e1s ciudadanos en el cuidado y protecci\u00f3n de los recursos forestales del pa\u00eds. \/\/MH<\/p>\n","protected":false},"excerpt":{"rendered":"<p class=\"excerpt\">El Ministerio del Ambiente del Ecuador (MAE) a trav\u00e9s de la Direcci\u00f3n Provincial del Ambiente Orellana y la Direcci\u00f3n Nacional Forestal, organiz\u00f3 un taller de socializaci\u00f3n sobre la Normativa N\u00b0049 referente al destino final y procedimiento de aprovechamiento forestal a personas dedicadas a la explotaci\u00f3n, compra y venta de madera, con el fin de ense\u00f1ar e incentivar la importancia del&hellip; <a href=\"https:\/\/www.ambienteyenergia.gob.ec\/ambiente\/mae-socializa-normativa-n-049-destino-final-y-procedimiento-de-aprovechamiento-forestal-en-orellana\/\">Read more &rarr;<\/a><\/p>\n","protected":false},"author":13,"featured_media":22884,"comment_status":"open","ping_status":"open","sticky":false,"template":"","format":"standard","meta":{"footnotes":""},"categories":[16,4],"tags":[],"class_list":["post-24724","post","type-post","status-publish","format-standard","has-post-thumbnail","hentry","category-comunicamos","category-noticias","xfolkentry"],"_links":{"self":[{"href":"https:\/\/www.ambienteyenergia.gob.ec\/ambiente\/wp-json\/wp\/v2\/posts\/24724","targetHints":{"allow":["GET"]}}],"collection":[{"href":"https:\/\/www.ambienteyenergia.gob.ec\/ambiente\/wp-json\/wp\/v2\/posts"}],"about":[{"href":"https:\/\/www.ambienteyenergia.gob.ec\/ambiente\/wp-json\/wp\/v2\/types\/post"}],"author":[{"embeddable":true,"href":"https:\/\/www.ambienteyenergia.gob.ec\/ambiente\/wp-json\/wp\/v2\/users\/13"}],"replies":[{"embeddable":true,"href":"https:\/\/www.ambienteyenergia.gob.ec\/ambiente\/wp-json\/wp\/v2\/comments?post=24724"}],"version-history":[{"count":0,"href":"https:\/\/www.ambienteyenergia.gob.ec\/ambiente\/wp-json\/wp\/v2\/posts\/24724\/revisions"}],"wp:featuredmedia":[{"embeddable":true,"href":"https:\/\/www.ambienteyenergia.gob.ec\/ambiente\/wp-json\/wp\/v2\/media\/22884"}],"wp:attachment":[{"href":"https:\/\/www.ambienteyenergia.gob.ec\/ambiente\/wp-json\/wp\/v2\/media?parent=24724"}],"wp:term":[{"taxonomy":"category","embeddable":true,"href":"https:\/\/www.ambienteyenergia.gob.ec\/ambiente\/wp-json\/wp\/v2\/categories?post=24724"},{"taxonomy":"post_tag","embeddable":true,"href":"https:\/\/www.ambienteyenergia.gob.ec\/ambiente\/wp-json\/wp\/v2\/tags?post=24724"}],"curies":[{"name":"wp","href":"https:\/\/api.w.org\/{rel}","templated":true}]}}