{"id":24722,"date":"2015-03-16T11:55:49","date_gmt":"2015-03-16T16:55:49","guid":{"rendered":"http:\/\/www.ambiente.gob.ec\/?p=24722"},"modified":"2015-03-16T11:55:49","modified_gmt":"2015-03-16T16:55:49","slug":"yasuni-celebro-el-dia-mundial-de-la-vida-silvestre-con-un-evento-de-difusion-cientifica","status":"publish","type":"post","link":"https:\/\/www.ambienteyenergia.gob.ec\/ambiente\/yasuni-celebro-el-dia-mundial-de-la-vida-silvestre-con-un-evento-de-difusion-cientifica\/","title":{"rendered":"Yasun\u00ed celebr\u00f3 el D\u00eda Mundial de la Vida Silvestre con un evento de difusi\u00f3n cient\u00edfica"},"content":{"rendered":"<p style=\"text-align: justify;\">En el marco del D\u00eda Mundial de la Vida Silvestre, la Direcci\u00f3n Provincial del Ambiente de Orellana, en coordinaci\u00f3n de la jefatura del Parque Nacional Yasun\u00ed y el Gobierno Aut\u00f3nomo Municipal de Francisco de Orellana, realizaron un evento de difusi\u00f3n cient\u00edfica \u201cExperiencias de Investigaci\u00f3n Cient\u00edfica en el Parque Nacional Yasun\u00ed\u201d, con el fin de concientizar a la ciudadan\u00eda sobre la importancia de liderar acciones para la conservaci\u00f3n de los ecosistemas.<\/p>\n<p style=\"text-align: justify;\">Al evento asistieron 230 estudiantes de Tercer A\u00f1o de Bachillerato de la ciudad del Coca, de los centros educativos Narcisa de Jes\u00fas, San Francisco, Padre Miguel Gamboa, Dayuma, Ciudad del Coca, V\u00edctor Ron, Julio C\u00e9sar Sanmiguel y Leopoldo Ben\u00edtez; quienes recibieron informaci\u00f3n por parte de especialistas como: David Romo, de la Estaci\u00f3n Cient\u00edfica Tiputini de la Universidad San Francisco de Quito; Paulina Dalgo, de la Wildlife Conservation Society (WCS); Rafael Arias, de Coca Zoo; y Jos\u00e9 Narv\u00e1ez, Jefe del \u00e1rea protegida.<\/p>\n<p style=\"text-align: justify;\">Los expositores centraron sus charlas en temas relacionados con la conservaci\u00f3n de los ecosistemas y la importancia que tiene que la sociedad los proteja, tanto en t\u00e9rminos ambientales, sociales, culturales, biol\u00f3gicos y econ\u00f3micos.<\/p>\n<p style=\"text-align: justify;\">As\u00ed, la primera exposici\u00f3n de la jornada estuvo a cargo de Rafael Arias, quien destac\u00f3 el trabajo que el Gobierno Municipal de Francisco de Orellana ha realizado en beneficio de la protecci\u00f3n de la flora y fauna silvestre en t\u00e9rminos de aprovechamiento de los recursos naturales y biol\u00f3gicos del cant\u00f3n.<\/p>\n<p style=\"text-align: justify;\">Mientras que Jos\u00e9 Narv\u00e1ez, explic\u00f3 el funcionamiento de los programas de investigaci\u00f3n y conservaci\u00f3n que el Parque Nacional Yasun\u00ed que se manejan por medio de la colocaci\u00f3n de c\u00e1maras trampa colocadas a lo largo del camino ecol\u00f3gico, ubicado dentro del Bloque 31, operado por Petroamazonas.<\/p>\n<p style=\"text-align: justify;\">Al momento se encuentran colocadas 19 c\u00e1maras trampa, con el objetivo de monitorear el comportamiento de las especies de vida silvestre y su desenvolvimiento en los pasos deprimidos y puentes de dosel existentes en el lugar.<\/p>\n<p style=\"text-align: justify;\">Hasta el momento los resultados han indicado que la fauna se ha adaptado a las salvaguardas ambientales, por lo que se destaca que el trabajo realizado por el Ministerio del Ambiente del Ecuador en la zona de explotaci\u00f3n ha sido exitoso. Estos resultados pudieron ser constatados por los asistentes a trav\u00e9s de los videos captados por estas c\u00e1maras, donde observaron a especies como jaguares, perezosos gigantes, monos ara\u00f1a y guanganas, entre otros.<\/p>\n<p style=\"text-align: justify;\">Por otro lado, Paulina Dalgo, rescat\u00f3 la labor que WCS realiza en todas partes del mundo, incluyendo al Ecuador y al Parque Nacional Yasun\u00ed; los esfuerzos que la organizaci\u00f3n se han centrado espec\u00edficamente en el trabajo de conservaci\u00f3n de especies \u00edcono del Parque Nacional Yasun\u00ed como el caim\u00e1n negro, la nutria gigante, el jaguar, el pecar\u00ed de labios blancos y el tapir. En este sentido, la especialista resalt\u00f3 la riqueza que el \u00e1rea protegida tiene en t\u00e9rminos de biodiversidad y cultura.<\/p>\n<p style=\"text-align: justify;\">Por su parte, David Romo, PhD docente de la Universidad San Francisco de Quito y especialista en conservaci\u00f3n de la naturaleza, habl\u00f3 sobre la importancia de la investigaci\u00f3n cient\u00edfica como herramienta para conocer qu\u00e9 es lo que se debe proteger, adem\u00e1s de destacar que el cuidado de la naturaleza inicia desde el momento en que alguien les dice a los m\u00e1s j\u00f3venes lo importante que es proteger el medio ambiente.<\/p>\n<p style=\"text-align: justify;\">Como parte del compromiso del Ministerio del Ambiente de conservar esta \u00e1rea protegida, el Equipo T\u00e9cnico del Parque Nacional Yasun\u00ed continuar\u00e1 difundiendo las investigaciones cient\u00edficas y experiencias que \u00e9stas dejan en beneficio del territorio. \/\/MH<\/p>\n<p style=\"text-align: justify;\">\n<p style=\"text-align: justify;\">\n","protected":false},"excerpt":{"rendered":"<p class=\"excerpt\">En el marco del D\u00eda Mundial de la Vida Silvestre, la Direcci\u00f3n Provincial del Ambiente de Orellana, en coordinaci\u00f3n de la jefatura del Parque Nacional Yasun\u00ed y el Gobierno Aut\u00f3nomo Municipal de Francisco de Orellana, realizaron un evento de difusi\u00f3n cient\u00edfica \u201cExperiencias de Investigaci\u00f3n Cient\u00edfica en el Parque Nacional Yasun\u00ed\u201d, con el fin de concientizar a la ciudadan\u00eda sobre la&hellip; <a href=\"https:\/\/www.ambienteyenergia.gob.ec\/ambiente\/yasuni-celebro-el-dia-mundial-de-la-vida-silvestre-con-un-evento-de-difusion-cientifica\/\">Read more &rarr;<\/a><\/p>\n","protected":false},"author":13,"featured_media":22884,"comment_status":"open","ping_status":"open","sticky":false,"template":"","format":"standard","meta":{"footnotes":""},"categories":[16,4],"tags":[],"class_list":["post-24722","post","type-post","status-publish","format-standard","has-post-thumbnail","hentry","category-comunicamos","category-noticias","xfolkentry"],"_links":{"self":[{"href":"https:\/\/www.ambienteyenergia.gob.ec\/ambiente\/wp-json\/wp\/v2\/posts\/24722","targetHints":{"allow":["GET"]}}],"collection":[{"href":"https:\/\/www.ambienteyenergia.gob.ec\/ambiente\/wp-json\/wp\/v2\/posts"}],"about":[{"href":"https:\/\/www.ambienteyenergia.gob.ec\/ambiente\/wp-json\/wp\/v2\/types\/post"}],"author":[{"embeddable":true,"href":"https:\/\/www.ambienteyenergia.gob.ec\/ambiente\/wp-json\/wp\/v2\/users\/13"}],"replies":[{"embeddable":true,"href":"https:\/\/www.ambienteyenergia.gob.ec\/ambiente\/wp-json\/wp\/v2\/comments?post=24722"}],"version-history":[{"count":0,"href":"https:\/\/www.ambienteyenergia.gob.ec\/ambiente\/wp-json\/wp\/v2\/posts\/24722\/revisions"}],"wp:featuredmedia":[{"embeddable":true,"href":"https:\/\/www.ambienteyenergia.gob.ec\/ambiente\/wp-json\/wp\/v2\/media\/22884"}],"wp:attachment":[{"href":"https:\/\/www.ambienteyenergia.gob.ec\/ambiente\/wp-json\/wp\/v2\/media?parent=24722"}],"wp:term":[{"taxonomy":"category","embeddable":true,"href":"https:\/\/www.ambienteyenergia.gob.ec\/ambiente\/wp-json\/wp\/v2\/categories?post=24722"},{"taxonomy":"post_tag","embeddable":true,"href":"https:\/\/www.ambienteyenergia.gob.ec\/ambiente\/wp-json\/wp\/v2\/tags?post=24722"}],"curies":[{"name":"wp","href":"https:\/\/api.w.org\/{rel}","templated":true}]}}