{"id":24719,"date":"2015-03-15T11:26:02","date_gmt":"2015-03-15T16:26:02","guid":{"rendered":"http:\/\/www.ambiente.gob.ec\/?p=24719"},"modified":"2015-03-15T11:26:02","modified_gmt":"2015-03-15T16:26:02","slug":"mae-fomenta-el-consumo-responsable","status":"publish","type":"post","link":"https:\/\/www.ambienteyenergia.gob.ec\/ambiente\/mae-fomenta-el-consumo-responsable\/","title":{"rendered":"MAE fomenta el consumo responsable"},"content":{"rendered":"<p style=\"text-align: justify;\">Este 15 de marzo, D\u00eda Mundial del Consumo Responsable, fecha declarada por la \u00a0Asamblea General de Naciones Unidas hace 32 a\u00f1os, debe ser el inicio de una profunda reflexi\u00f3n por parte de la ciudadan\u00eda acerca de c\u00f3mo repercute en el ambiente sus decisiones de compra y la adquisici\u00f3n de servicios.<\/p>\n<p style=\"text-align: justify;\">Ecuador es uno de los pa\u00edses que produce una cantidad m\u00ednima de impactos ambientales a nivel mundial, sin embargo es reconocido por ser uno de los primeros Estados en dar Derechos a la Naturaleza en su Constituci\u00f3n.<\/p>\n<p style=\"text-align: justify;\">\u00a0El Ministerio del Ambiente de Ecuador (MAE), como ente rector de la normativa ambiental, determina y promueve diferentes mecanismos con el objetivo de fomentar h\u00e1bitos de consumo responsable de recursos, ajust\u00e1ndolos a sus necesidades reales y comprometi\u00e9ndolos con la adopci\u00f3n de buenas pr\u00e1cticas ambientales orientadas a reducir la producci\u00f3n de desechos s\u00f3lidos y optimizar el uso del agua, energ\u00eda el\u00e9ctrica y papel, promoviendo una relaci\u00f3n arm\u00f3nica entre el hombre y la naturaleza.<\/p>\n<p style=\"text-align: justify;\">\n<p style=\"text-align: justify;\">Adem\u00e1s, promueve los principios y responsabilidades de los consumidores, a trav\u00e9s de procesos de mejoramiento en la calidad de la producci\u00f3n y consumo sostenible; disminuci\u00f3n de la huella ecol\u00f3gica y educaci\u00f3n ambiental ciudadana.<\/p>\n<p style=\"text-align: justify;\"><strong>\u00a0<\/strong><\/p>\n<p style=\"text-align: justify;\">Por ello cre\u00f3 Punto Verde como una propuesta para incentivar al sector p\u00fablico, privado y productivo a mejorar e implementar pol\u00edticas para la adecuada gesti\u00f3n de recursos y aplicaci\u00f3n de producci\u00f3n m\u00e1s limpia en la generaci\u00f3n de bienes y servicios amigables con el ambiente.<\/p>\n<p style=\"text-align: justify;\">\n<p style=\"text-align: justify;\">Ecuador es pionero en brindar el Reconocimiento Ecuatoriano Ambiental a empresas del sector p\u00fablico y privado, as\u00ed como tambi\u00e9n de la Certificaci\u00f3n Ecuatoriana Ambiental como mecanismos que buscan posicionar pol\u00edticas de responsabilidad compartida con la protecci\u00f3n del ambiente de forma directa con la oferta y demanda de productos ecol\u00f3gicos.<\/p>\n<p style=\"text-align: justify;\">Con esto, esta Cartera de Estado ha integrado pol\u00edticas ambientales con el trabajo de diferentes actores, con la finalidad de alcanzar un Ecuador Verde con la participaci\u00f3n de todo el conglomerado social que contribuye con la conservaci\u00f3n de nuestro patrimonio natural.\/em-ds<\/p>\n<p style=\"text-align: justify;\">\n<p style=\"text-align: justify;\"><strong>Tips para el consumo responsable<\/strong><\/p>\n<p style=\"text-align: justify;\">Con peque\u00f1os cambios se puede garantizar grandes acciones que fomenten la protecci\u00f3n del ambiente y reducir el consumo, lo importante es ponerlos en pr\u00e1ctica. Por eso, el MAE a trav\u00e9s del Proyecto Identificaci\u00f3n, C\u00e1lculo y Mitigaci\u00f3n de la Huella Ecol\u00f3gica del Sector P\u00fablico y Productivo del Ecuador y la Fundaci\u00f3n Ecolog\u00eda y Desarrollo (ECODES), presenta algunas recomendaciones para el consumo responsable:<\/p>\n<ol style=\"text-align: justify;\">\n<li>Debes meditar, s\u00ed lo que vas a comprar en realidad va a satisfacer tu necesidad, o si lo compras compulsivamente.<\/li>\n<li>Piensa a qu\u00e9 tipo de comercio quieres favorecer. No olvides que consumir productos locales, productos ecol\u00f3gicos o de comercio justo, productos naturales y productos reutilizados y reciclados, son las mejores opciones medioambientales y sociales. Por ejemplo, una buena opci\u00f3n son las ferias agroecol\u00f3gicas<\/li>\n<li>Inf\u00f3rmate acerca de las repercusiones sociales y medioambientales de los bienes y servicios.<\/li>\n<li>Aseg\u00farate de la calidad de lo que compras. Adquiere productos de larga vida \u00fatil y que puedan ser reutilizados.<\/li>\n<li>Busca alternativas que minimicen la explotaci\u00f3n de los recursos naturales: segunda mano, reutilizar, intercambios, reparaci\u00f3n.<\/li>\n<li>Haz un buen mantenimiento de las cosas y cuando termine su vida \u00fatil, ten en cuenta las posibilidades de reciclar los materiales de que est\u00e1 hecho.<\/li>\n<\/ol>\n<p style=\"text-align: justify;\">\n","protected":false},"excerpt":{"rendered":"<p class=\"excerpt\">Este 15 de marzo, D\u00eda Mundial del Consumo Responsable, fecha declarada por la \u00a0Asamblea General de Naciones Unidas hace 32 a\u00f1os, debe ser el inicio de una profunda reflexi\u00f3n por parte de la ciudadan\u00eda acerca de c\u00f3mo repercute en el ambiente sus decisiones de compra y la adquisici\u00f3n de servicios. Ecuador es uno de los pa\u00edses que produce una cantidad&hellip; <a href=\"https:\/\/www.ambienteyenergia.gob.ec\/ambiente\/mae-fomenta-el-consumo-responsable\/\">Read more &rarr;<\/a><\/p>\n","protected":false},"author":13,"featured_media":24720,"comment_status":"open","ping_status":"open","sticky":false,"template":"","format":"standard","meta":{"footnotes":""},"categories":[16,4],"tags":[],"class_list":["post-24719","post","type-post","status-publish","format-standard","has-post-thumbnail","hentry","category-comunicamos","category-noticias","xfolkentry"],"_links":{"self":[{"href":"https:\/\/www.ambienteyenergia.gob.ec\/ambiente\/wp-json\/wp\/v2\/posts\/24719","targetHints":{"allow":["GET"]}}],"collection":[{"href":"https:\/\/www.ambienteyenergia.gob.ec\/ambiente\/wp-json\/wp\/v2\/posts"}],"about":[{"href":"https:\/\/www.ambienteyenergia.gob.ec\/ambiente\/wp-json\/wp\/v2\/types\/post"}],"author":[{"embeddable":true,"href":"https:\/\/www.ambienteyenergia.gob.ec\/ambiente\/wp-json\/wp\/v2\/users\/13"}],"replies":[{"embeddable":true,"href":"https:\/\/www.ambienteyenergia.gob.ec\/ambiente\/wp-json\/wp\/v2\/comments?post=24719"}],"version-history":[{"count":0,"href":"https:\/\/www.ambienteyenergia.gob.ec\/ambiente\/wp-json\/wp\/v2\/posts\/24719\/revisions"}],"wp:featuredmedia":[{"embeddable":true,"href":"https:\/\/www.ambienteyenergia.gob.ec\/ambiente\/wp-json\/wp\/v2\/media\/24720"}],"wp:attachment":[{"href":"https:\/\/www.ambienteyenergia.gob.ec\/ambiente\/wp-json\/wp\/v2\/media?parent=24719"}],"wp:term":[{"taxonomy":"category","embeddable":true,"href":"https:\/\/www.ambienteyenergia.gob.ec\/ambiente\/wp-json\/wp\/v2\/categories?post=24719"},{"taxonomy":"post_tag","embeddable":true,"href":"https:\/\/www.ambienteyenergia.gob.ec\/ambiente\/wp-json\/wp\/v2\/tags?post=24719"}],"curies":[{"name":"wp","href":"https:\/\/api.w.org\/{rel}","templated":true}]}}