{"id":24714,"date":"2015-03-13T15:26:30","date_gmt":"2015-03-13T20:26:30","guid":{"rendered":"http:\/\/www.ambiente.gob.ec\/?p=24714"},"modified":"2015-03-13T15:26:30","modified_gmt":"2015-03-13T20:26:30","slug":"mae-y-gad-de-riobamba-firmaron-carta-de-compromiso-para-el-manejo-integral-de-desechos-solidos","status":"publish","type":"post","link":"https:\/\/www.ambienteyenergia.gob.ec\/ambiente\/mae-y-gad-de-riobamba-firmaron-carta-de-compromiso-para-el-manejo-integral-de-desechos-solidos\/","title":{"rendered":"MAE y GAD de Riobamba firmaron carta de compromiso para el manejo integral de desechos s\u00f3lidos"},"content":{"rendered":"<p style=\"margin-top: 0.49cm; margin-bottom: 0cm; line-height: 100%;\" align=\"JUSTIFY\"><span style=\"font-family: Arial,sans-serif;\"><span lang=\"es-EC\">El Ministerio del Ambiente (MAE), a trav\u00e9s de la Direcci\u00f3n Provincial del Ambiente de Chimborazo firm\u00f3, el pasado mi\u00e9rcoles, una carta de compromisos con el Gobierno Aut\u00f3nomo Descentralizado del cant\u00f3n Riobamba, con el objetivo de fomentar la correcta aplicaci\u00f3n de medidas de manejo integral de residuos s\u00f3lidos de las comunidades San Antonio de Alao y Alao Llactapamba.<\/span><\/span><\/p>\n<p style=\"margin-top: 0.49cm; margin-bottom: 0cm; line-height: 100%;\" align=\"JUSTIFY\"><span style=\"font-family: Arial,sans-serif;\"><span lang=\"es-EC\">La firma de acuerdos y compromisos que orientan un trabajo articulado en el manejo, generaci\u00f3n, reutilizaci\u00f3n y disposici\u00f3n responsable de los residuos s\u00f3lidos, a trav\u00e9s de los siguientes objetivos: sensibilizar a la poblaci\u00f3n con charlas y talleres pr\u00e1cticos para minimizar y reutilizar los residuos org\u00e1nicos e inorg\u00e1nicos; clasificar y acopiar los residuos utilizando receptores adecuados para este fin, y recolectar y transportar los residuos garantizando su disposici\u00f3n final.<\/span><\/span><\/p>\n<p style=\"margin-top: 0.49cm; margin-bottom: 0cm; line-height: 100%;\" align=\"JUSTIFY\"><span style=\"font-family: Arial,sans-serif;\"><span lang=\"es-EC\">La intervenci\u00f3n interinstitucional pretende atender a la situaci\u00f3n de acumulaci\u00f3n de basura de aproximadamente 40 quintales mensuales que se generan en San Antonio de Alao y 35 quintales en Alao Llactapamba. La demanda ha surgido desde la propia necesidad de la poblaci\u00f3n, de aproximadamente 1 400 habitantes en las dos comunidades, que se interesan por participar y fomentar alternativas viables para solventar esta situaci\u00f3n y contribuir al manejo adecuado de los residuos s\u00f3lidos para garantizar la salud de sus habitantes y de los recursos naturales de la localidad.<\/span><\/span><\/p>\n<p style=\"margin-top: 0.49cm; margin-bottom: 0cm; line-height: 100%;\" align=\"JUSTIFY\"><span style=\"font-family: Arial,sans-serif;\"><span lang=\"es-EC\">Este trabajo conjunto permite alinear los objetivos pol\u00edticos y ambientales con el fin de contrarrestar la contaminaci\u00f3n de los recursos naturales por acumulaci\u00f3n de residuos en estas comunidades.\/xa-ds<\/span><\/span><\/p>\n","protected":false},"excerpt":{"rendered":"<p class=\"excerpt\">El Ministerio del Ambiente (MAE), a trav\u00e9s de la Direcci\u00f3n Provincial del Ambiente de Chimborazo firm\u00f3, el pasado mi\u00e9rcoles, una carta de compromisos con el Gobierno Aut\u00f3nomo Descentralizado del cant\u00f3n Riobamba, con el objetivo de fomentar la correcta aplicaci\u00f3n de medidas de manejo integral de residuos s\u00f3lidos de las comunidades San Antonio de Alao y Alao Llactapamba. La firma de&hellip; <a href=\"https:\/\/www.ambienteyenergia.gob.ec\/ambiente\/mae-y-gad-de-riobamba-firmaron-carta-de-compromiso-para-el-manejo-integral-de-desechos-solidos\/\">Read more &rarr;<\/a><\/p>\n","protected":false},"author":13,"featured_media":24715,"comment_status":"open","ping_status":"open","sticky":false,"template":"","format":"standard","meta":{"footnotes":""},"categories":[16,4],"tags":[],"class_list":["post-24714","post","type-post","status-publish","format-standard","has-post-thumbnail","hentry","category-comunicamos","category-noticias","xfolkentry"],"_links":{"self":[{"href":"https:\/\/www.ambienteyenergia.gob.ec\/ambiente\/wp-json\/wp\/v2\/posts\/24714","targetHints":{"allow":["GET"]}}],"collection":[{"href":"https:\/\/www.ambienteyenergia.gob.ec\/ambiente\/wp-json\/wp\/v2\/posts"}],"about":[{"href":"https:\/\/www.ambienteyenergia.gob.ec\/ambiente\/wp-json\/wp\/v2\/types\/post"}],"author":[{"embeddable":true,"href":"https:\/\/www.ambienteyenergia.gob.ec\/ambiente\/wp-json\/wp\/v2\/users\/13"}],"replies":[{"embeddable":true,"href":"https:\/\/www.ambienteyenergia.gob.ec\/ambiente\/wp-json\/wp\/v2\/comments?post=24714"}],"version-history":[{"count":0,"href":"https:\/\/www.ambienteyenergia.gob.ec\/ambiente\/wp-json\/wp\/v2\/posts\/24714\/revisions"}],"wp:featuredmedia":[{"embeddable":true,"href":"https:\/\/www.ambienteyenergia.gob.ec\/ambiente\/wp-json\/wp\/v2\/media\/24715"}],"wp:attachment":[{"href":"https:\/\/www.ambienteyenergia.gob.ec\/ambiente\/wp-json\/wp\/v2\/media?parent=24714"}],"wp:term":[{"taxonomy":"category","embeddable":true,"href":"https:\/\/www.ambienteyenergia.gob.ec\/ambiente\/wp-json\/wp\/v2\/categories?post=24714"},{"taxonomy":"post_tag","embeddable":true,"href":"https:\/\/www.ambienteyenergia.gob.ec\/ambiente\/wp-json\/wp\/v2\/tags?post=24714"}],"curies":[{"name":"wp","href":"https:\/\/api.w.org\/{rel}","templated":true}]}}