{"id":24706,"date":"2015-03-12T16:38:30","date_gmt":"2015-03-12T21:38:30","guid":{"rendered":"http:\/\/www.ambiente.gob.ec\/?p=24706"},"modified":"2015-03-12T16:38:30","modified_gmt":"2015-03-12T21:38:30","slug":"mae-convoco-a-ultima-reunion-ordinaria-de-la-mesa-de-trabajo-redd","status":"publish","type":"post","link":"https:\/\/www.ambienteyenergia.gob.ec\/ambiente\/mae-convoco-a-ultima-reunion-ordinaria-de-la-mesa-de-trabajo-redd\/","title":{"rendered":"MAE convoc\u00f3 a \u00faltima Reuni\u00f3n Ordinaria de la Mesa de Trabajo REDD+"},"content":{"rendered":"<p lang=\"es-EC\" style=\"margin-bottom: 0cm; text-align: justify;\"><span style=\"font-family: Calibri,sans-serif;\"><span style=\"font-size: medium;\"><span style=\"color: #000000;\">El Ministerio del Ambiente (MAE), a trav\u00e9s de la Subsecretar\u00eda de Cambio Clim\u00e1tico, con el apoyo t\u00e9cnico del Programa Nacional Conjunto ONU-REDD realiz\u00f3 la D\u00e9cima Tercera Reuni\u00f3n Ordinaria de la Mesa de Trabajo REDD+ (MdT), la misma que signific\u00f3 el \u00faltimo encuentro de este espacio de participaci\u00f3n durante la fase de preparaci\u00f3n nacional para REDD+.<\/span><\/span><\/span><\/p>\n<p lang=\"es-EC\" style=\"margin-bottom: 0cm; text-align: justify;\">\n<p lang=\"es-EC\" style=\"margin-bottom: 0cm; text-align: justify;\"><span style=\"color: #000000;\"><span style=\"font-family: Calibri,sans-serif;\"><span style=\"font-size: medium;\">La reuni\u00f3n tuvo como objetivos: 1) Presentar la propuesta inicial del Plan de Acci\u00f3n REDD+ como la estrategia pa\u00eds para la implementaci\u00f3n de REDD+; 2) Presentaci\u00f3n de la propuesta de Red Ind\u00edgena Amaz\u00f3nica (RIA) por parte de la COICA y la CONFENIAE; 3) Presentaci\u00f3n de los principales resultados de la consultor\u00eda sobre la propuesta de funcionamiento de la Mesa de Trabajo REDD+, para la fase de implementaci\u00f3n de REDD+ en Ecuador y la propuesta de participaci\u00f3n\u00a0 para la implementaci\u00f3n del Plan de Acci\u00f3n REDD+; y, 4) Brindar propuestas e insumos por parte de los miembros de la Mesa para la secci\u00f3n de la sociedad civil en el informe final del Programa Nacional Conjunto ONU-REDD.<\/span><\/span><\/span><\/p>\n<p lang=\"es-EC\" style=\"margin-bottom: 0cm; text-align: justify;\">\n<p lang=\"es-EC\" style=\"margin-bottom: 0cm; text-align: justify;\"><span style=\"font-family: Calibri,sans-serif;\"><span style=\"font-size: medium;\"><span style=\"color: #000000;\">En la reuni\u00f3n participaron delegados oficiales y alternos de las organizaciones, instituciones o comunidades miembros de la MdT, las cuales han sido ratificadas por el Ministerio del Ambiente en calidad de Secretar\u00eda T\u00e9cnica.\/ss-ds<\/span><\/span><\/span><\/p>\n<p lang=\"es-EC\" style=\"text-align: justify;\">\n<p style=\"text-align: justify;\"><span style=\"color: #000000;\"><span style=\"font-family: Calibri,sans-serif;\"><span style=\"font-size: medium;\"><span lang=\"es-EC\">Para mayor informaci\u00f3n se puede comunicar con Mar\u00eda del Carmen Garc\u00eda (<\/span><\/span><\/span><\/span><a href=\"mailto:mgarcia@ambiente.gob.ec\" target=\"_blank\"><span style=\"color: #000000;\"><span style=\"text-decoration: none;\"><span style=\"font-family: Calibri,sans-serif;\"><span style=\"font-size: medium;\"><span lang=\"es-EC\">maria.garcia@ambiente.gob.ec<\/span><\/span><\/span><\/span><\/span><\/a><span style=\"color: #000000;\"><span style=\"font-family: Calibri,sans-serif;\"><span style=\"font-size: medium;\"><span lang=\"es-EC\">) o Fernanda Proa\u00f1o (<\/span><\/span><\/span><\/span><a href=\"mailto:fproano@pnc-onureddecuador.org\" target=\"_blank\"><span style=\"color: #000000;\"><span style=\"text-decoration: none;\"><span style=\"font-family: Calibri,sans-serif;\"><span style=\"font-size: medium;\"><span lang=\"es-EC\">fproano@pnc-onureddecuador.org<\/span><\/span><\/span><\/span><\/span><\/a><span style=\"color: #000000;\"><span style=\"font-family: Calibri,sans-serif;\"><span style=\"font-size: medium;\"><span lang=\"es-EC\">).<\/span><\/span><\/span><\/span><\/p>\n<p lang=\"es-EC\" style=\"margin-bottom: 0cm; text-align: justify;\">\n","protected":false},"excerpt":{"rendered":"<p class=\"excerpt\">El Ministerio del Ambiente (MAE), a trav\u00e9s de la Subsecretar\u00eda de Cambio Clim\u00e1tico, con el apoyo t\u00e9cnico del Programa Nacional Conjunto ONU-REDD realiz\u00f3 la D\u00e9cima Tercera Reuni\u00f3n Ordinaria de la Mesa de Trabajo REDD+ (MdT), la misma que signific\u00f3 el \u00faltimo encuentro de este espacio de participaci\u00f3n durante la fase de preparaci\u00f3n nacional para REDD+. La reuni\u00f3n tuvo como objetivos:&hellip; <a href=\"https:\/\/www.ambienteyenergia.gob.ec\/ambiente\/mae-convoco-a-ultima-reunion-ordinaria-de-la-mesa-de-trabajo-redd\/\">Read more &rarr;<\/a><\/p>\n","protected":false},"author":13,"featured_media":24707,"comment_status":"open","ping_status":"open","sticky":false,"template":"","format":"standard","meta":{"footnotes":""},"categories":[16,4],"tags":[],"class_list":["post-24706","post","type-post","status-publish","format-standard","has-post-thumbnail","hentry","category-comunicamos","category-noticias","xfolkentry"],"_links":{"self":[{"href":"https:\/\/www.ambienteyenergia.gob.ec\/ambiente\/wp-json\/wp\/v2\/posts\/24706","targetHints":{"allow":["GET"]}}],"collection":[{"href":"https:\/\/www.ambienteyenergia.gob.ec\/ambiente\/wp-json\/wp\/v2\/posts"}],"about":[{"href":"https:\/\/www.ambienteyenergia.gob.ec\/ambiente\/wp-json\/wp\/v2\/types\/post"}],"author":[{"embeddable":true,"href":"https:\/\/www.ambienteyenergia.gob.ec\/ambiente\/wp-json\/wp\/v2\/users\/13"}],"replies":[{"embeddable":true,"href":"https:\/\/www.ambienteyenergia.gob.ec\/ambiente\/wp-json\/wp\/v2\/comments?post=24706"}],"version-history":[{"count":0,"href":"https:\/\/www.ambienteyenergia.gob.ec\/ambiente\/wp-json\/wp\/v2\/posts\/24706\/revisions"}],"wp:featuredmedia":[{"embeddable":true,"href":"https:\/\/www.ambienteyenergia.gob.ec\/ambiente\/wp-json\/wp\/v2\/media\/24707"}],"wp:attachment":[{"href":"https:\/\/www.ambienteyenergia.gob.ec\/ambiente\/wp-json\/wp\/v2\/media?parent=24706"}],"wp:term":[{"taxonomy":"category","embeddable":true,"href":"https:\/\/www.ambienteyenergia.gob.ec\/ambiente\/wp-json\/wp\/v2\/categories?post=24706"},{"taxonomy":"post_tag","embeddable":true,"href":"https:\/\/www.ambienteyenergia.gob.ec\/ambiente\/wp-json\/wp\/v2\/tags?post=24706"}],"curies":[{"name":"wp","href":"https:\/\/api.w.org\/{rel}","templated":true}]}}