{"id":24702,"date":"2015-03-12T12:43:51","date_gmt":"2015-03-12T17:43:51","guid":{"rendered":"http:\/\/www.ambiente.gob.ec\/?p=24702"},"modified":"2015-03-12T12:43:51","modified_gmt":"2015-03-12T17:43:51","slug":"equipos-de-rescate-de-la-reserva-de-produccion-de-fauna-chimborazo-son-evaluados","status":"publish","type":"post","link":"https:\/\/www.ambienteyenergia.gob.ec\/ambiente\/equipos-de-rescate-de-la-reserva-de-produccion-de-fauna-chimborazo-son-evaluados\/","title":{"rendered":"Equipos de rescate de la Reserva de Producci\u00f3n de Fauna Chimborazo son evaluados"},"content":{"rendered":"<p style=\"text-align: justify;\">Con el objetivo de brindar seguridad a los turistas nacionales y extranjeros; t\u00e9cnicos del Ministerio del Ambiente del Ecuador (MAE) con el apoyo de miembros del Grupo de Operaciones Especiales (GOE) realizaron una inspecci\u00f3n del equipo de rescate con el que cuenta la Reserva de Producci\u00f3n de Fauna Chimborazo.<\/p>\n<p style=\"text-align: justify;\">El equipo especializado en rescate de alta monta\u00f1a consta de inmovilizadores, mantas t\u00e9rmicas, collarines, camilla sked, tensi\u00f3metro, fonendoscopio, puls\u00f3metro, botiqu\u00edn, entre otros implementos que permiten dar los primeros auxilios en caso de presentarse un accidente al interior de la reserva.<\/p>\n<p style=\"text-align: justify;\">La inspecci\u00f3n se realiz\u00f3 el pasado mi\u00e9rcoles 25 de febrero, expertos del GOE observaron las caracter\u00edsticas y estado de los equipos y del material de rescate, determinando as\u00ed que un 90% del equipo est\u00e1 apto para operar, con un rango de vida \u00fatil de dos a tres a\u00f1os. Mientras que el 10% restante que corresponde a insumos de botiqu\u00edn como: sueros orales, ap\u00f3sitos para heridas, ap\u00f3sitos para ojos y otros productos que estaban caducados y que ser\u00e1n renovados.<\/p>\n<p style=\"text-align: justify;\">Por otro lado, se proyecta reforzar los conocimientos del personal de guardaparques del \u00c1rea Protegida, mediante una capacitaci\u00f3n te\u00f3rica y pr\u00e1ctica que se llevar\u00e1 a cabo este mes de marzo, con el objetivo de formar un grupo especializado en rescates en alta monta\u00f1a.<\/p>\n<p style=\"text-align: justify;\">El Ministerio del Ambiente cuenta a nivel del Sistema Nacional de \u00c1reas Protegidas, con planes de operaciones para casos de emergencia, adem\u00e1s posee instalaciones que brindan las facilidades adecuadas a los turistas para que realicen sus visitas con total seguridad y con el acompa\u00f1amiento de personal altamente calificado. \/\/MH<\/p>\n","protected":false},"excerpt":{"rendered":"<p class=\"excerpt\">Con el objetivo de brindar seguridad a los turistas nacionales y extranjeros; t\u00e9cnicos del Ministerio del Ambiente del Ecuador (MAE) con el apoyo de miembros del Grupo de Operaciones Especiales (GOE) realizaron una inspecci\u00f3n del equipo de rescate con el que cuenta la Reserva de Producci\u00f3n de Fauna Chimborazo. El equipo especializado en rescate de alta monta\u00f1a consta de inmovilizadores,&hellip; <a href=\"https:\/\/www.ambienteyenergia.gob.ec\/ambiente\/equipos-de-rescate-de-la-reserva-de-produccion-de-fauna-chimborazo-son-evaluados\/\">Read more &rarr;<\/a><\/p>\n","protected":false},"author":13,"featured_media":24703,"comment_status":"open","ping_status":"open","sticky":false,"template":"","format":"standard","meta":{"footnotes":""},"categories":[16,4],"tags":[],"class_list":["post-24702","post","type-post","status-publish","format-standard","has-post-thumbnail","hentry","category-comunicamos","category-noticias","xfolkentry"],"_links":{"self":[{"href":"https:\/\/www.ambienteyenergia.gob.ec\/ambiente\/wp-json\/wp\/v2\/posts\/24702","targetHints":{"allow":["GET"]}}],"collection":[{"href":"https:\/\/www.ambienteyenergia.gob.ec\/ambiente\/wp-json\/wp\/v2\/posts"}],"about":[{"href":"https:\/\/www.ambienteyenergia.gob.ec\/ambiente\/wp-json\/wp\/v2\/types\/post"}],"author":[{"embeddable":true,"href":"https:\/\/www.ambienteyenergia.gob.ec\/ambiente\/wp-json\/wp\/v2\/users\/13"}],"replies":[{"embeddable":true,"href":"https:\/\/www.ambienteyenergia.gob.ec\/ambiente\/wp-json\/wp\/v2\/comments?post=24702"}],"version-history":[{"count":0,"href":"https:\/\/www.ambienteyenergia.gob.ec\/ambiente\/wp-json\/wp\/v2\/posts\/24702\/revisions"}],"wp:featuredmedia":[{"embeddable":true,"href":"https:\/\/www.ambienteyenergia.gob.ec\/ambiente\/wp-json\/wp\/v2\/media\/24703"}],"wp:attachment":[{"href":"https:\/\/www.ambienteyenergia.gob.ec\/ambiente\/wp-json\/wp\/v2\/media?parent=24702"}],"wp:term":[{"taxonomy":"category","embeddable":true,"href":"https:\/\/www.ambienteyenergia.gob.ec\/ambiente\/wp-json\/wp\/v2\/categories?post=24702"},{"taxonomy":"post_tag","embeddable":true,"href":"https:\/\/www.ambienteyenergia.gob.ec\/ambiente\/wp-json\/wp\/v2\/tags?post=24702"}],"curies":[{"name":"wp","href":"https:\/\/api.w.org\/{rel}","templated":true}]}}