{"id":24699,"date":"2015-03-11T16:26:14","date_gmt":"2015-03-11T21:26:14","guid":{"rendered":"http:\/\/www.ambiente.gob.ec\/?p=24699"},"modified":"2015-03-11T16:26:14","modified_gmt":"2015-03-11T21:26:14","slug":"responsables-de-areas-protegidas-obtuvieron-certificacion-de-lideres-en-gestion-ambiental","status":"publish","type":"post","link":"https:\/\/www.ambienteyenergia.gob.ec\/ambiente\/responsables-de-areas-protegidas-obtuvieron-certificacion-de-lideres-en-gestion-ambiental\/","title":{"rendered":"Responsables de \u00e1reas protegidas obtuvieron certificaci\u00f3n de l\u00edderes en gesti\u00f3n ambiental"},"content":{"rendered":"<p class=\"western\" style=\"text-align: justify;\"><span style=\"font-family: Calibri,sans-serif;\"><span style=\"font-size: small;\">El Ministerio del Ambiente de Ecuador (MAE), a trav\u00e9s del Programa Aula Verde, entreg\u00f3 los diplomas de certificaci\u00f3n como l\u00edderes en gesti\u00f3n ambiental al primer grupo de responsables de las \u00e1reas protegidas del Patrimonio de \u00c1reas Naturales del Estado.<\/span><\/span><\/p>\n<p class=\"western\" style=\"text-align: justify;\"><span style=\"font-family: Calibri,sans-serif;\"><span style=\"font-size: small;\">El proceso de formaci\u00f3n es parte de una estrategia de educaci\u00f3n que busca un efectivo fortalecimiento de competencias laborales. En ese sentido, los administradores de las \u00e1reas protegidas sostuvieron jornadas de capacitaci\u00f3n que fortalecieron sus competencias de liderazgo basados en modelos de Coaching Ontol\u00f3gico y Coaching Sist\u00e9mico. <\/span><\/span><\/p>\n<p class=\"western\" style=\"text-align: justify;\"><span style=\"font-family: Calibri,sans-serif;\"><span style=\"font-size: small;\">Dentro de este enfoque se trabaj\u00f3 intensamente en el desarrollo y puesta en pr\u00e1ctica de habilidades para tomar decisiones, crear y liderar equipos de trabajo con orientaci\u00f3n a resultados y de alto rendimiento, administrar el tiempo, crear acuerdos, influir en la motivaci\u00f3n de sus colaboradores y en el clima laboral, favorecer la comunicaci\u00f3n interpersonal y la comunicaci\u00f3n efectiva con los equipos, y manejar los conflictos mediante la b\u00fasqueda de un beneficio com\u00fan.<\/span><\/span><\/p>\n<p class=\"western\" style=\"text-align: justify;\">\u201c<span style=\"font-family: Calibri,sans-serif;\"><span style=\"font-size: small;\">El MAE quiere ser parte del crecimiento profesional y personal de cada uno de ustedes, por ello les invitamos a poner en pr\u00e1ctica todas la t\u00e9cnicas y el conocimiento adquirido durante este proceso de capacitaci\u00f3n\u201d, se\u00f1al\u00f3 Francisco Prieto, Director Nacional de Biodiversidad.<\/span><\/span><\/p>\n<p class=\"western\" style=\"text-align: justify;\"><span style=\"font-family: Calibri,sans-serif;\"><span style=\"font-size: small;\">Este programa, que se llev\u00f3 a cabo de diciembre 2014 a marzo 2015, con una duraci\u00f3n de 96 horas presenciales, capacit\u00f3 a 50 responsables de \u00e1reas protegidas del Estado, y a representantes de las \u00e1reas de conservaci\u00f3n comunitaria y privada. \u201cMediante este curso pudimos visualizar que ya somos l\u00edderes en nuestro trabajo, sin embargo nos faltaba interiorizar aquellas estrategias que nos aportan diariamente en la consolidaci\u00f3n de un trabajo m\u00e1s eficiente para nuestras \u00e1reas protegidas\u201d, Roberto Pachacama, Responsable del Refugio de Vida Silvestre Pasochoa. <\/span><\/span><\/p>\n<p class=\"western\" style=\"text-align: justify;\"><span style=\"font-family: Calibri,sans-serif;\"><span style=\"font-size: small;\">El Programa Aula Verde del Ministerio del Ambiente, ejecutado por el Centro de Educaci\u00f3n y Promoci\u00f3n Popular (CEPP) trabaja de forma coordinada con sus Proyectos de Sostenibilidad Financiera para el Sistema Nacional de \u00c1reas Protegidas (GEF-PNUD) y la Iniciativa Trinacional de la GIZ.<\/span><\/span><\/p>\n<p class=\"western\" style=\"text-align: justify;\"><strong><span style=\"font-family: Calibri,sans-serif;\"><span style=\"font-size: small;\">Lo que opinaron los nuevo l\u00edderes:<\/span><\/span><\/strong><\/p>\n<p class=\"western\" style=\"text-align: justify;\">\u201c<span style=\"font-family: Calibri,sans-serif;\"><span style=\"font-size: small;\">Con base en lo aprendido desarrollaremos con mis t\u00e9cnicos actividades que fortalezcan cada uno de los programas de manejo de las \u00e1reas protegidas, de una forma m\u00e1s integral. Ahora voy a dirigir como un verdadero l\u00edder\u201d Ra\u00fal Paz, Responsable de la Reserva Ecol\u00f3gica Los Ilinizas.<\/span><\/span><\/p>\n<p class=\"western\" style=\"text-align: justify;\">\u201c<span style=\"font-family: Calibri,sans-serif;\"><span style=\"font-size: small;\">Las herramientas compartidas son muy \u00fatiles para ponerlas en pr\u00e1ctica en cada una de las actividades de gesti\u00f3n de las \u00e1reas protegidas. Es mi primera experiencia de capacitaci\u00f3n en Aula Verde, y concluyo que el Ministerio del Ambiente ha realizado un gran trabajo de apoyo a su equipo t\u00e9cnico de las \u00e1reas protegidas con este tipo de iniciativas.\u201d Diana Berm\u00fades, Responsable del Parque Nacional Llanganates.\/pg-ds<\/span><\/span><\/p>\n","protected":false},"excerpt":{"rendered":"<p class=\"excerpt\">El Ministerio del Ambiente de Ecuador (MAE), a trav\u00e9s del Programa Aula Verde, entreg\u00f3 los diplomas de certificaci\u00f3n como l\u00edderes en gesti\u00f3n ambiental al primer grupo de responsables de las \u00e1reas protegidas del Patrimonio de \u00c1reas Naturales del Estado. El proceso de formaci\u00f3n es parte de una estrategia de educaci\u00f3n que busca un efectivo fortalecimiento de competencias laborales. En ese&hellip; <a href=\"https:\/\/www.ambienteyenergia.gob.ec\/ambiente\/responsables-de-areas-protegidas-obtuvieron-certificacion-de-lideres-en-gestion-ambiental\/\">Read more &rarr;<\/a><\/p>\n","protected":false},"author":13,"featured_media":24700,"comment_status":"open","ping_status":"open","sticky":false,"template":"","format":"standard","meta":{"footnotes":""},"categories":[16,4],"tags":[],"class_list":["post-24699","post","type-post","status-publish","format-standard","has-post-thumbnail","hentry","category-comunicamos","category-noticias","xfolkentry"],"_links":{"self":[{"href":"https:\/\/www.ambienteyenergia.gob.ec\/ambiente\/wp-json\/wp\/v2\/posts\/24699","targetHints":{"allow":["GET"]}}],"collection":[{"href":"https:\/\/www.ambienteyenergia.gob.ec\/ambiente\/wp-json\/wp\/v2\/posts"}],"about":[{"href":"https:\/\/www.ambienteyenergia.gob.ec\/ambiente\/wp-json\/wp\/v2\/types\/post"}],"author":[{"embeddable":true,"href":"https:\/\/www.ambienteyenergia.gob.ec\/ambiente\/wp-json\/wp\/v2\/users\/13"}],"replies":[{"embeddable":true,"href":"https:\/\/www.ambienteyenergia.gob.ec\/ambiente\/wp-json\/wp\/v2\/comments?post=24699"}],"version-history":[{"count":0,"href":"https:\/\/www.ambienteyenergia.gob.ec\/ambiente\/wp-json\/wp\/v2\/posts\/24699\/revisions"}],"wp:featuredmedia":[{"embeddable":true,"href":"https:\/\/www.ambienteyenergia.gob.ec\/ambiente\/wp-json\/wp\/v2\/media\/24700"}],"wp:attachment":[{"href":"https:\/\/www.ambienteyenergia.gob.ec\/ambiente\/wp-json\/wp\/v2\/media?parent=24699"}],"wp:term":[{"taxonomy":"category","embeddable":true,"href":"https:\/\/www.ambienteyenergia.gob.ec\/ambiente\/wp-json\/wp\/v2\/categories?post=24699"},{"taxonomy":"post_tag","embeddable":true,"href":"https:\/\/www.ambienteyenergia.gob.ec\/ambiente\/wp-json\/wp\/v2\/tags?post=24699"}],"curies":[{"name":"wp","href":"https:\/\/api.w.org\/{rel}","templated":true}]}}