{"id":24696,"date":"2015-03-11T08:21:15","date_gmt":"2015-03-11T13:21:15","guid":{"rendered":"http:\/\/www.ambiente.gob.ec\/?p=24696"},"modified":"2015-03-11T08:21:15","modified_gmt":"2015-03-11T13:21:15","slug":"junta-de-manejo-participativo-fortalece-el-sistema-participativo-de-la-reserva-marina-de-galapagos","status":"publish","type":"post","link":"https:\/\/www.ambienteyenergia.gob.ec\/ambiente\/junta-de-manejo-participativo-fortalece-el-sistema-participativo-de-la-reserva-marina-de-galapagos\/","title":{"rendered":"Junta de Manejo Participativo fortalece el sistema participativo de la Reserva Marina de Gal\u00e1pagos"},"content":{"rendered":"<p style=\"margin-bottom: 0cm;\" align=\"JUSTIFY\">Con el objetivo de fortalecer e impulsar el trabajo de la Junta de Manejo Participativo (JMP) de la Reserva Marina Gal\u00e1pagos (RMG), los sectores miembros han realizado dos reuniones ordinarias, desarrolladas el pasado 03 y 23 de febrero de 2015, en la que llegaron a varios acuerdos, entre ellos la inclusi\u00f3n del Ministerio de Agricultura, Ganader\u00eda, Acuacultura y Pesca (MAGAP)y el Instituto Nacional de Pesca (INP) con voz y voto dentro de este sistema participativo.<\/p>\n<p style=\"margin-bottom: 0cm;\" align=\"JUSTIFY\">\n<p style=\"margin-bottom: 0cm;\" align=\"JUSTIFY\">Esto en cumplimiento del proceso contemplado en el art\u00edculo 47 del Reglamento General de Aplicaci\u00f3n de la Ley de R\u00e9gimen Especial de Gal\u00e1pagos para la Conservaci\u00f3n y Desarrollo Sustentable, y el art\u00edculo 3 de la Resoluci\u00f3n N\u00b0 0054-2008 de la Direcci\u00f3n del Parque Nacional Gal\u00e1pagos (DPNG).<\/p>\n<p style=\"margin-bottom: 0cm;\" align=\"JUSTIFY\">\n<p style=\"margin-bottom: 0cm;\" align=\"JUSTIFY\">Adem\u00e1s, por consenso los sectores: tur\u00edstico, pesquero, gu\u00edas naturalistas, ciencia y conservaci\u00f3n acordaron solicitar a la DPNG que se anule la resoluci\u00f3n N\u00b0 76- 2013 establecida mediante acuerdo de la Junta del 25 de septiembre de 2013, en la que se estableci\u00f3 el mecanismo de ingreso de nuevos pescadores al registro pesquero de Gal\u00e1pagos, por lo que quedar\u00e1 suspendido la inclusi\u00f3n de pescadores, mientras se construye los nuevos mecanismos.<\/p>\n<p style=\"margin-bottom: 0cm;\" align=\"JUSTIFY\">\n<p style=\"margin-bottom: 0cm;\" align=\"JUSTIFY\">Con relaci\u00f3n al recurso pesquero langostino (Scyllarides astori), se aceptaron las medidas de manejo recomendadas por la Comisi\u00f3n T\u00e9cnica Pesquera, en relaci\u00f3n a las medidas de \u00a0longitud total y longitud en cola, decisi\u00f3n que ser\u00e1 revisada y actualizada sobre la base de la informaci\u00f3n de monitoreo pesquero durante el 2015. El Ministerio de Agricultura, Ganader\u00eda, Acuacultura y Pesca, a trav\u00e9s del Instituto Nacional de Pesca se compromete a proveer de informaci\u00f3n y soporte t\u00e9cnico en cooperaci\u00f3n con el sector pesquero y la DPNG.<\/p>\n<p style=\"margin-bottom: 0cm;\" align=\"JUSTIFY\">\n<p style=\"margin-bottom: 0cm;\" align=\"JUSTIFY\">Sobre la implementaci\u00f3n de las recomendaciones de la consultor\u00eda sobre el Sello de Origen, los miembros acordaron realizar una hoja de ruta en conjunto con el sector pesquero, MAGAP-INP, DPNG, CAPTURGAL y WWF.<\/p>\n<p style=\"margin-bottom: 0cm;\" align=\"JUSTIFY\">\n<p style=\"margin-bottom: 0cm;\" align=\"JUSTIFY\"><a name=\"OBJ_PREFIX_DWT3435_com_zimbra_date\"><\/a> La DPNG y Conservaci\u00f3n Internacional (CI) en conjunto con el MAGAP y las cooperativas de pesca elaborar\u00e1n, hasta el lunes 16 de marzo, el cronograma de trabajo para el seguimiento de los acuerdos desarrollados en el taller de fortalecimiento de la pesquer\u00eda de langosta en la RMG, realizado en mayo pasado; por otra parte, los sectores resolvieron apoyar la propuesta para la ejecuci\u00f3n de la consultor\u00eda de evaluaci\u00f3n integral de pesquer\u00eda de peque\u00f1a escala de langosta.\/rl-ds<\/p>\n<p style=\"margin-bottom: 0cm;\">\n","protected":false},"excerpt":{"rendered":"<p class=\"excerpt\">Con el objetivo de fortalecer e impulsar el trabajo de la Junta de Manejo Participativo (JMP) de la Reserva Marina Gal\u00e1pagos (RMG), los sectores miembros han realizado dos reuniones ordinarias, desarrolladas el pasado 03 y 23 de febrero de 2015, en la que llegaron a varios acuerdos, entre ellos la inclusi\u00f3n del Ministerio de Agricultura, Ganader\u00eda, Acuacultura y Pesca (MAGAP)y&hellip; <a href=\"https:\/\/www.ambienteyenergia.gob.ec\/ambiente\/junta-de-manejo-participativo-fortalece-el-sistema-participativo-de-la-reserva-marina-de-galapagos\/\">Read more &rarr;<\/a><\/p>\n","protected":false},"author":13,"featured_media":24697,"comment_status":"open","ping_status":"open","sticky":false,"template":"","format":"standard","meta":{"footnotes":""},"categories":[16,4],"tags":[],"class_list":["post-24696","post","type-post","status-publish","format-standard","has-post-thumbnail","hentry","category-comunicamos","category-noticias","xfolkentry"],"_links":{"self":[{"href":"https:\/\/www.ambienteyenergia.gob.ec\/ambiente\/wp-json\/wp\/v2\/posts\/24696","targetHints":{"allow":["GET"]}}],"collection":[{"href":"https:\/\/www.ambienteyenergia.gob.ec\/ambiente\/wp-json\/wp\/v2\/posts"}],"about":[{"href":"https:\/\/www.ambienteyenergia.gob.ec\/ambiente\/wp-json\/wp\/v2\/types\/post"}],"author":[{"embeddable":true,"href":"https:\/\/www.ambienteyenergia.gob.ec\/ambiente\/wp-json\/wp\/v2\/users\/13"}],"replies":[{"embeddable":true,"href":"https:\/\/www.ambienteyenergia.gob.ec\/ambiente\/wp-json\/wp\/v2\/comments?post=24696"}],"version-history":[{"count":0,"href":"https:\/\/www.ambienteyenergia.gob.ec\/ambiente\/wp-json\/wp\/v2\/posts\/24696\/revisions"}],"wp:featuredmedia":[{"embeddable":true,"href":"https:\/\/www.ambienteyenergia.gob.ec\/ambiente\/wp-json\/wp\/v2\/media\/24697"}],"wp:attachment":[{"href":"https:\/\/www.ambienteyenergia.gob.ec\/ambiente\/wp-json\/wp\/v2\/media?parent=24696"}],"wp:term":[{"taxonomy":"category","embeddable":true,"href":"https:\/\/www.ambienteyenergia.gob.ec\/ambiente\/wp-json\/wp\/v2\/categories?post=24696"},{"taxonomy":"post_tag","embeddable":true,"href":"https:\/\/www.ambienteyenergia.gob.ec\/ambiente\/wp-json\/wp\/v2\/tags?post=24696"}],"curies":[{"name":"wp","href":"https:\/\/api.w.org\/{rel}","templated":true}]}}