{"id":24691,"date":"2015-03-10T15:58:17","date_gmt":"2015-03-10T20:58:17","guid":{"rendered":"http:\/\/www.ambiente.gob.ec\/?p=24691"},"modified":"2015-03-10T15:58:17","modified_gmt":"2015-03-10T20:58:17","slug":"mae-capacito-a-tres-nuevos-guardaparques-comunitarios-en-morona-santiago","status":"publish","type":"post","link":"https:\/\/www.ambienteyenergia.gob.ec\/ambiente\/mae-capacito-a-tres-nuevos-guardaparques-comunitarios-en-morona-santiago\/","title":{"rendered":"MAE capacit\u00f3 a tres nuevos guardaparques comunitarios en Morona Santiago"},"content":{"rendered":"<p align=\"JUSTIFY\"><span style=\"font-family: Calibri,sans-serif;\">El Ministerio del Ambiente de Ecuador (MAE) ha implementado diferentes iniciativas de educaci\u00f3n ambiental con el objetivo de fortalecer las capacidades de manejo sostenible de recursos naturales de las comunidades.<\/span><\/p>\n<p align=\"JUSTIFY\"><span style=\"font-family: Calibri,sans-serif;\">Por ello, la Direcci\u00f3n Provincial del Ambiente de Morona Santiago capacit\u00f3 y form\u00f3 tres nuevos guardaparques comunitarios del centro Achuar Setuch, en las instalaciones del Parque Nacional Sangay, en Macas.<\/span><\/p>\n<p align=\"JUSTIFY\"><span style=\"font-family: Calibri,sans-serif;\">Este tipo de actividades se las realiza en la provincia desde hace m\u00e1s de un a\u00f1o con la finalidad de beneficiar a todas las comunidades, capacit\u00e1ndolas en temas ambientales, a trav\u00e9s de t\u00e9cnicas neurolinguisticas y androg\u00f3gicas que promuevan el desarrollo capacidades que les permita ser actores en la resoluci\u00f3n de problemas socio-ambientales presentes en sus territorios.<\/span><\/p>\n<p align=\"JUSTIFY\">\u201c<span style=\"font-family: Calibri,sans-serif;\">La capacitaci\u00f3n tuvo una duraci\u00f3n de cinco d\u00edas, el los cuales se ense\u00f1\u00f3 temas de Educaci\u00f3n Ambiental para la Conservaci\u00f3n de la Biodiversidad, An\u00e1lisis de la diversidad Biol\u00f3gica y Cultural del Ecuador, Interpretaci\u00f3n del Agua, Ecosistema de la provincia de Morona Santiago, delimitaci\u00f3n de \u00e1reas, apertura de senderos, y turismo\u201d, explic\u00f3 V\u00edctor Le\u00f3n, Responsable de Ecotalleres de Morona Santiago.<\/span><\/p>\n<p align=\"JUSTIFY\"><span style=\"font-family: Calibri,sans-serif;\">Adem\u00e1s, como parte de las actividades de campo programadas para las jornadas de educaci\u00f3n se visitaron lugares como: Atillo, Sardinayacu, Tinguichaca, el Centro de Interpretaci\u00f3n en el Parque Bot\u00e1nico Regional en Suc\u00faa y una visita al zool\u00f3gico Huerto de Ed\u00e9n.\/cp-ds<\/span><\/p>\n<p align=\"JUSTIFY\">\n","protected":false},"excerpt":{"rendered":"<p class=\"excerpt\">El Ministerio del Ambiente de Ecuador (MAE) ha implementado diferentes iniciativas de educaci\u00f3n ambiental con el objetivo de fortalecer las capacidades de manejo sostenible de recursos naturales de las comunidades. Por ello, la Direcci\u00f3n Provincial del Ambiente de Morona Santiago capacit\u00f3 y form\u00f3 tres nuevos guardaparques comunitarios del centro Achuar Setuch, en las instalaciones del Parque Nacional Sangay, en Macas.&hellip; <a href=\"https:\/\/www.ambienteyenergia.gob.ec\/ambiente\/mae-capacito-a-tres-nuevos-guardaparques-comunitarios-en-morona-santiago\/\">Read more &rarr;<\/a><\/p>\n","protected":false},"author":13,"featured_media":24692,"comment_status":"open","ping_status":"open","sticky":false,"template":"","format":"standard","meta":{"footnotes":""},"categories":[16,4],"tags":[],"class_list":["post-24691","post","type-post","status-publish","format-standard","has-post-thumbnail","hentry","category-comunicamos","category-noticias","xfolkentry"],"_links":{"self":[{"href":"https:\/\/www.ambienteyenergia.gob.ec\/ambiente\/wp-json\/wp\/v2\/posts\/24691","targetHints":{"allow":["GET"]}}],"collection":[{"href":"https:\/\/www.ambienteyenergia.gob.ec\/ambiente\/wp-json\/wp\/v2\/posts"}],"about":[{"href":"https:\/\/www.ambienteyenergia.gob.ec\/ambiente\/wp-json\/wp\/v2\/types\/post"}],"author":[{"embeddable":true,"href":"https:\/\/www.ambienteyenergia.gob.ec\/ambiente\/wp-json\/wp\/v2\/users\/13"}],"replies":[{"embeddable":true,"href":"https:\/\/www.ambienteyenergia.gob.ec\/ambiente\/wp-json\/wp\/v2\/comments?post=24691"}],"version-history":[{"count":0,"href":"https:\/\/www.ambienteyenergia.gob.ec\/ambiente\/wp-json\/wp\/v2\/posts\/24691\/revisions"}],"wp:featuredmedia":[{"embeddable":true,"href":"https:\/\/www.ambienteyenergia.gob.ec\/ambiente\/wp-json\/wp\/v2\/media\/24692"}],"wp:attachment":[{"href":"https:\/\/www.ambienteyenergia.gob.ec\/ambiente\/wp-json\/wp\/v2\/media?parent=24691"}],"wp:term":[{"taxonomy":"category","embeddable":true,"href":"https:\/\/www.ambienteyenergia.gob.ec\/ambiente\/wp-json\/wp\/v2\/categories?post=24691"},{"taxonomy":"post_tag","embeddable":true,"href":"https:\/\/www.ambienteyenergia.gob.ec\/ambiente\/wp-json\/wp\/v2\/tags?post=24691"}],"curies":[{"name":"wp","href":"https:\/\/api.w.org\/{rel}","templated":true}]}}