{"id":24688,"date":"2015-03-10T15:32:53","date_gmt":"2015-03-10T20:32:53","guid":{"rendered":"http:\/\/www.ambiente.gob.ec\/?p=24688"},"modified":"2015-03-10T15:32:53","modified_gmt":"2015-03-10T20:32:53","slug":"mae-capacito-a-beneficiarios-de-la-parroquia-san-bartolome-azuay","status":"publish","type":"post","link":"https:\/\/www.ambienteyenergia.gob.ec\/ambiente\/mae-capacito-a-beneficiarios-de-la-parroquia-san-bartolome-azuay\/","title":{"rendered":"MAE capacit\u00f3 a beneficiarios de la parroquia San Bartolom\u00e9, Azuay"},"content":{"rendered":"<p style=\"text-align: justify;\" align=\"JUSTIFY\"><span style=\"font-family: Calibri,sans-serif;\">Una vez finalizadas las obras para captaci\u00f3n de agua (reservorios, redes de distribuci\u00f3n y riego parcelario) en el Gobierno Aut\u00f3nomo Descentralizado (GAD) parroquial de San Bartolom\u00e9, en Azuay, el Ministerio del Ambiente a trav\u00e9s del <\/span><strong><span style=\"font-family: Calibri,sans-serif;\"><span style=\"font-weight: normal;\">Proyecto de Adaptaci\u00f3n al Cambio Clim\u00e1tico<\/span><\/span><\/strong><span style=\"font-family: Calibri,sans-serif;\">(PACC), y en colaboraci\u00f3n con el Programa de Naciones Unidas para el Desarrollo (PNUD), realiz\u00f3 un taller te\u00f3rico-pr\u00e1ctico para fortalecer las capacidades de los habitantes del sector.<\/span><\/p>\n<p style=\"text-align: justify;\" align=\"JUSTIFY\"><span style=\"font-family: Calibri,sans-serif;\">En esta capacitaci\u00f3n se benefici\u00f3 a 30 personas quienes aprendieron conceptos b\u00e1sicos e implementaci\u00f3n de huertas agro-ecol\u00f3gicas y elaboraci\u00f3n de abonos ecol\u00f3gicos como el biol.<\/span><\/p>\n<p style=\"text-align: justify;\" align=\"JUSTIFY\"><span style=\"font-family: Calibri,sans-serif;\"><b>\u00bfQu\u00e9 es el biol?<\/b><\/span><\/p>\n<p style=\"text-align: justify;\" align=\"JUSTIFY\"><span style=\"font-family: Calibri,sans-serif;\">El Biol es el resultado de la fermentaci\u00f3n de esti\u00e9rcol y agua a trav\u00e9s de la descomposici\u00f3n y transformaciones qu\u00edmicas de residuos org\u00e1nicos en un ambiente anaerobio. <\/span><\/p>\n<p lang=\"zxx\" style=\"text-align: justify;\" align=\"JUSTIFY\"><span style=\"font-family: Calibri,sans-serif;\">Es un producto estable biol\u00f3gicamente, rico en humus y una baja carga de pat\u00f3genos. El biol tiene una buena actividad biol\u00f3gica, desarrollo de fermentos nitrosos y n\u00edtricos, microflora, hongos y levaduras que ser\u00e1n un excelente complemento a suelos improductivos o desgastados.<\/span><\/p>\n<p style=\"text-align: justify;\" align=\"JUSTIFY\"><strong><span style=\"font-family: Calibri,sans-serif;\">Adaptaci\u00f3n al Cambio Clim\u00e1tico<\/span><\/strong><\/p>\n<p style=\"text-align: justify;\" align=\"JUSTIFY\"><span style=\"font-family: Calibri,sans-serif;\">Con una inversi\u00f3n total de 382 765,48USD el Ministerio del Ambiente, junto con el aporte de socios estrat\u00e9gicos como Fundaci\u00f3n Rikcharina, Municipio del Sigsig, Junta Parroquial , MAGAP y Gobierno Provincial del Azuay se logr\u00f3 beneficiar a 242 familias de nueve comunidades de San Bartolom\u00e9.<\/span><\/p>\n<p style=\"text-align: justify;\" align=\"JUSTIFY\"><span style=\"font-family: Calibri,sans-serif;\">El proyecto comprendi\u00f3 dos etapas de trabajo: La primera, desarrollada entre septiembre de 2010 y octubre de 2013, tuvo la finalidad de construir obras de captaci\u00f3n de agua; mientras que la segunda, entre septiembre de 2014 a mayo de 2014, tuvo como objetivo generar los sistemas de distribuci\u00f3n de agua y riego parcelario.\/ss-ds<\/span><\/p>\n","protected":false},"excerpt":{"rendered":"<p class=\"excerpt\">Una vez finalizadas las obras para captaci\u00f3n de agua (reservorios, redes de distribuci\u00f3n y riego parcelario) en el Gobierno Aut\u00f3nomo Descentralizado (GAD) parroquial de San Bartolom\u00e9, en Azuay, el Ministerio del Ambiente a trav\u00e9s del Proyecto de Adaptaci\u00f3n al Cambio Clim\u00e1tico(PACC), y en colaboraci\u00f3n con el Programa de Naciones Unidas para el Desarrollo (PNUD), realiz\u00f3 un taller te\u00f3rico-pr\u00e1ctico para fortalecer&hellip; <a href=\"https:\/\/www.ambienteyenergia.gob.ec\/ambiente\/mae-capacito-a-beneficiarios-de-la-parroquia-san-bartolome-azuay\/\">Read more &rarr;<\/a><\/p>\n","protected":false},"author":13,"featured_media":24689,"comment_status":"open","ping_status":"open","sticky":false,"template":"","format":"standard","meta":{"footnotes":""},"categories":[16,4],"tags":[],"class_list":["post-24688","post","type-post","status-publish","format-standard","has-post-thumbnail","hentry","category-comunicamos","category-noticias","xfolkentry"],"_links":{"self":[{"href":"https:\/\/www.ambienteyenergia.gob.ec\/ambiente\/wp-json\/wp\/v2\/posts\/24688","targetHints":{"allow":["GET"]}}],"collection":[{"href":"https:\/\/www.ambienteyenergia.gob.ec\/ambiente\/wp-json\/wp\/v2\/posts"}],"about":[{"href":"https:\/\/www.ambienteyenergia.gob.ec\/ambiente\/wp-json\/wp\/v2\/types\/post"}],"author":[{"embeddable":true,"href":"https:\/\/www.ambienteyenergia.gob.ec\/ambiente\/wp-json\/wp\/v2\/users\/13"}],"replies":[{"embeddable":true,"href":"https:\/\/www.ambienteyenergia.gob.ec\/ambiente\/wp-json\/wp\/v2\/comments?post=24688"}],"version-history":[{"count":0,"href":"https:\/\/www.ambienteyenergia.gob.ec\/ambiente\/wp-json\/wp\/v2\/posts\/24688\/revisions"}],"wp:featuredmedia":[{"embeddable":true,"href":"https:\/\/www.ambienteyenergia.gob.ec\/ambiente\/wp-json\/wp\/v2\/media\/24689"}],"wp:attachment":[{"href":"https:\/\/www.ambienteyenergia.gob.ec\/ambiente\/wp-json\/wp\/v2\/media?parent=24688"}],"wp:term":[{"taxonomy":"category","embeddable":true,"href":"https:\/\/www.ambienteyenergia.gob.ec\/ambiente\/wp-json\/wp\/v2\/categories?post=24688"},{"taxonomy":"post_tag","embeddable":true,"href":"https:\/\/www.ambienteyenergia.gob.ec\/ambiente\/wp-json\/wp\/v2\/tags?post=24688"}],"curies":[{"name":"wp","href":"https:\/\/api.w.org\/{rel}","templated":true}]}}