{"id":24683,"date":"2015-03-10T12:45:34","date_gmt":"2015-03-10T17:45:34","guid":{"rendered":"http:\/\/www.ambiente.gob.ec\/?p=24683"},"modified":"2015-03-10T16:07:58","modified_gmt":"2015-03-10T21:07:58","slug":"mae-participo-en-socializacion-de-manejo-de-franja-de-seguridad-del-yasuni","status":"publish","type":"post","link":"https:\/\/www.ambienteyenergia.gob.ec\/ambiente\/mae-participo-en-socializacion-de-manejo-de-franja-de-seguridad-del-yasuni\/","title":{"rendered":"MAE particip\u00f3 en socializaci\u00f3n de manejo de franja de seguridad del Yasun\u00ed"},"content":{"rendered":"<p style=\"margin-bottom: 0cm;\" align=\"JUSTIFY\">Con el objetivo de brindar informaci\u00f3n actualizada sobre la legislaci\u00f3n ambiental vigente, correspondiente a la franja de seguridad del Parque Nacional Yasun\u00ed (PNY) representantes de las 25 comunidades que habitan en el sector participaron de una reuni\u00f3n con personal t\u00e9cnico del \u00e1rea protegida, funcionarios de la Direcci\u00f3n Provincial del Ambiente de Orellana y del Programa de Reparaci\u00f3n Ambiental y Social (PRAS) de esta Cartera de Estado.<\/p>\n<p style=\"margin-bottom: 0cm;\" align=\"JUSTIFY\">La franja de seguridad comprende a las poblaciones que habitan en los 120 kil\u00f3metros de la v\u00eda Auca, l\u00edmite occidental del \u00e1rea protegida, zona de actividades productivas como la agricultura, ganader\u00eda, avicultura y piscicultura.<\/p>\n<p style=\"margin-bottom: 0cm;\" align=\"JUSTIFY\">De esta forma, el grupo conoci\u00f3 los beneficios del Programa de Incentivos a la Conservaci\u00f3n Socio Bosque como una alternativa econ\u00f3mica a las actividades que actualmente se realizan en el sector. Adem\u00e1s se socializ\u00f3 sobre el Plan de Uso y Manejo del PNY, controles forestales, restauraci\u00f3n forestal y procesos de remediaci\u00f3n de pasivos ambientales.<\/p>\n<p style=\"margin-bottom: 0cm;\" align=\"JUSTIFY\">En este contexto, personal del Ministerio del Ambiente de Ecuador (MAE) explicaron a los delegados sobre la necesidad de reducir las emisiones de gases contaminantes, a trav\u00e9s del cuidado y protecci\u00f3n de los ecosistemas amaz\u00f3nicos para minimizar y reducir posibles impacto ambientales.<\/p>\n<p style=\"margin-bottom: 0cm;\" align=\"JUSTIFY\">Varios de los asistentes mostraron inter\u00e9s en el programa Socio Bosque, aunque una de las peticiones que realizaron es \u201cincrementar el valor de las compensaciones\u201d, que actualmente son de 30 USD por hect\u00e1rea de vegetaci\u00f3n inalterada. A cambio, la poblaci\u00f3n se comprometi\u00f3 a trabajar en conjunto con el Ministerio del Ambiente para la protecci\u00f3n de los ecosistemas presentes en sus comunidades.<\/p>\n<p style=\"margin-bottom: 0cm;\" align=\"JUSTIFY\">Por otro lado, en lo referente al Parque Nacional Yasun\u00ed las comunidades solicitaron se \u201caclare la frontera agr\u00edcola de la franja de seguridad, la cual hasta el momento ha sido respetada\u201d, sin embargo, varios representantes se\u00f1alaron que \u201ces necesario resaltar este l\u00edmite en campo para poder distinguirla mejor\u201d.<\/p>\n<p style=\"margin-bottom: 0cm;\" align=\"JUSTIFY\">Asimismo, conocieron el proceso normativo para el manejo forestal sustentable y aprovechamiento de maderables, pues la zona registra un alto \u00edndice de tr\u00e1fico de productos provenientes de la madera. Como respuesta a este particular, esta Cartera de Estado ha desarrollado el Plan Nacional de Restauraci\u00f3n Forestal, que tiene como objetivo reponer activamente a la p\u00e9rdida de vegetaci\u00f3n en conjunto con comunidades y pobladores beneficiarios.<\/p>\n<p style=\"margin-bottom: 0cm;\" align=\"JUSTIFY\">Esta iniciativa comprende las modalidades de regeneraci\u00f3n natural, revegetaci\u00f3n con especies nativas, franjas ecol\u00f3gicas y ecosistemas de uso sostenible, por medio de incentivos econ\u00f3micos; as\u00ed, en Orellana recibir\u00e1n 411,75 USD por tres a\u00f1os quienes opten por la primera opci\u00f3n, y 888,85USD, 577,75USD y 666,64USD respectivamente.<\/p>\n<p style=\"margin-bottom: 0cm;\" align=\"JUSTIFY\">Por su parte, el Programa de Reparaci\u00f3n Ambiental y Social (PRAS) present\u00f3 su trabajo utilizando como ejemplo lo realizado desde 2008 en la parroquia Pacayacu, de la provincia de Sucumb\u00edos, donde se aplic\u00f3 un programa de remediaci\u00f3n de pasivos ambientales en \u00e1reas afectadas por la explotaci\u00f3n hidrocarbur\u00edfera.<\/p>\n<p style=\"margin-bottom: 0cm;\" align=\"JUSTIFY\">All\u00ed se conformaron equipos interinstitucionales junto con los Gobiernos Aut\u00f3nomos Descentralizados (GAD), el Ministerio de Agricultura, el Instituto Nacional de Investigaciones Agropecuarias (Iniap) y organismos del sector, a fin de que puedan recuperar estas \u00e1reas en beneficio de labores productivas.<a name=\"_GoBack\"><\/a><\/p>\n<p style=\"margin-bottom: 0cm;\" align=\"JUSTIFY\">Juan Escorza, director de Planeaci\u00f3n de Reparaci\u00f3n Integral del PRAS propuso al GAD cantonal de Puerto Francisco de Orellana trabajar en conjunto para la elaboraci\u00f3n de un registro de los pasivos ambientales generados por la explotaci\u00f3n petrolera ubicados en la v\u00eda Auca, a fin de iniciar con un proceso similar al de Pacayacu.<\/p>\n<p style=\"margin-bottom: 0cm;\" align=\"JUSTIFY\">En estas socializaciones participan, adem\u00e1s del MAE, los ministerios de Justicia y Agricultura, la Secretar\u00eda Nacional de Gesti\u00f3n Pol\u00edtica y los GAD cantonales y parroquiales de Puerto Francisco de Orellana.\/am-ds<\/p>\n","protected":false},"excerpt":{"rendered":"<p class=\"excerpt\">Con el objetivo de brindar informaci\u00f3n actualizada sobre la legislaci\u00f3n ambiental vigente, correspondiente a la franja de seguridad del Parque Nacional Yasun\u00ed (PNY) representantes de las 25 comunidades que habitan en el sector participaron de una reuni\u00f3n con personal t\u00e9cnico del \u00e1rea protegida, funcionarios de la Direcci\u00f3n Provincial del Ambiente de Orellana y del Programa de Reparaci\u00f3n Ambiental y Social&hellip; <a href=\"https:\/\/www.ambienteyenergia.gob.ec\/ambiente\/mae-participo-en-socializacion-de-manejo-de-franja-de-seguridad-del-yasuni\/\">Read more &rarr;<\/a><\/p>\n","protected":false},"author":13,"featured_media":24694,"comment_status":"open","ping_status":"open","sticky":false,"template":"","format":"standard","meta":{"footnotes":""},"categories":[16,4],"tags":[],"class_list":["post-24683","post","type-post","status-publish","format-standard","has-post-thumbnail","hentry","category-comunicamos","category-noticias","xfolkentry"],"_links":{"self":[{"href":"https:\/\/www.ambienteyenergia.gob.ec\/ambiente\/wp-json\/wp\/v2\/posts\/24683","targetHints":{"allow":["GET"]}}],"collection":[{"href":"https:\/\/www.ambienteyenergia.gob.ec\/ambiente\/wp-json\/wp\/v2\/posts"}],"about":[{"href":"https:\/\/www.ambienteyenergia.gob.ec\/ambiente\/wp-json\/wp\/v2\/types\/post"}],"author":[{"embeddable":true,"href":"https:\/\/www.ambienteyenergia.gob.ec\/ambiente\/wp-json\/wp\/v2\/users\/13"}],"replies":[{"embeddable":true,"href":"https:\/\/www.ambienteyenergia.gob.ec\/ambiente\/wp-json\/wp\/v2\/comments?post=24683"}],"version-history":[{"count":0,"href":"https:\/\/www.ambienteyenergia.gob.ec\/ambiente\/wp-json\/wp\/v2\/posts\/24683\/revisions"}],"wp:featuredmedia":[{"embeddable":true,"href":"https:\/\/www.ambienteyenergia.gob.ec\/ambiente\/wp-json\/wp\/v2\/media\/24694"}],"wp:attachment":[{"href":"https:\/\/www.ambienteyenergia.gob.ec\/ambiente\/wp-json\/wp\/v2\/media?parent=24683"}],"wp:term":[{"taxonomy":"category","embeddable":true,"href":"https:\/\/www.ambienteyenergia.gob.ec\/ambiente\/wp-json\/wp\/v2\/categories?post=24683"},{"taxonomy":"post_tag","embeddable":true,"href":"https:\/\/www.ambienteyenergia.gob.ec\/ambiente\/wp-json\/wp\/v2\/tags?post=24683"}],"curies":[{"name":"wp","href":"https:\/\/api.w.org\/{rel}","templated":true}]}}