{"id":24680,"date":"2015-03-10T11:13:02","date_gmt":"2015-03-10T16:13:02","guid":{"rendered":"http:\/\/www.ambiente.gob.ec\/?p=24680"},"modified":"2015-03-10T11:13:02","modified_gmt":"2015-03-10T16:13:02","slug":"finalizo-taller-sobre-plan-integral-de-emergencia-para-isla-santay-e-isla-del-gallo","status":"publish","type":"post","link":"https:\/\/www.ambienteyenergia.gob.ec\/ambiente\/finalizo-taller-sobre-plan-integral-de-emergencia-para-isla-santay-e-isla-del-gallo\/","title":{"rendered":"Finaliz\u00f3 taller sobre Plan  Integral de Emergencia para Isla Santay e Isla del Gallo"},"content":{"rendered":"<p style=\"font-style: normal; font-weight: normal; text-align: justify;\" align=\"JUSTIFY\"><span style=\"font-family: Calibri,sans-serif;\"><span style=\"font-size: medium;\">En las instalaciones del Gobierno Zonal de Guayaquil se llev\u00f3 a cabo el programa de clausura del taller sobre el Plan Integral de Emergencia para Isla Santay e Isla del Gallo dictado a guardaparques y personal t\u00e9cnico del Ministerio del Ambiente (MAE). <\/span><\/span><\/p>\n<p style=\"font-style: normal; font-weight: normal; text-align: justify;\" align=\"JUSTIFY\"><span style=\"font-family: Calibri,sans-serif;\"><span style=\"font-size: medium;\">Durante dos meses, personal de esta Cartera de Estado recibi\u00f3 capacitaci\u00f3n en temas sobre primeros auxilios, t\u00e9cnicas de evacuaci\u00f3n, prevenci\u00f3n de incendios, respuesta a emergencia con fuego, liderazgo en situaciones de crisis y comando de accidentes con el objetivo de brindar un adecuado servicio tur\u00edstico a los visitantes de esta \u00c1rea Protegida.<\/span><\/span><\/p>\n<p style=\"font-style: normal; font-weight: normal; text-align: justify;\" align=\"JUSTIFY\"><span style=\"font-family: Calibri,sans-serif;\"><span style=\"font-size: medium;\">Una vez concluido el proceso de capacitaci\u00f3n, el pasado viernes se realiz\u00f3 la entrega certificados que avalan la capacidad de respuesta de los 31 funcionarios que participaron del taller frente a riesgos que se puedan suscitar en Isla Santay e Isla del Gallo. <\/span><\/span><\/p>\n<p style=\"font-style: normal; font-weight: normal; text-align: justify;\" align=\"JUSTIFY\">\u201c<span style=\"font-family: Calibri,sans-serif;\"><span style=\"font-size: medium;\">Este tipo de actividades son necesarias para fortalecer la gesti\u00f3n institucional y de los funcionarios con el objetivo de tener una respuesta oportuna en momentos de de crisis, y as\u00ed evitar da\u00f1os materiales y p\u00e9rdidas humanas\u201d, expres\u00f3 Douglas Zavala, asesor jur\u00eddico de la Subsecretar\u00eda de Gesti\u00f3n Marina y Costera del MAE, quien brind\u00f3 palabras en el acto.\/gr-ds<\/span><\/span><\/p>\n<p style=\"font-style: normal; font-weight: normal; text-align: justify;\" align=\"JUSTIFY\">\n","protected":false},"excerpt":{"rendered":"<p class=\"excerpt\">En las instalaciones del Gobierno Zonal de Guayaquil se llev\u00f3 a cabo el programa de clausura del taller sobre el Plan Integral de Emergencia para Isla Santay e Isla del Gallo dictado a guardaparques y personal t\u00e9cnico del Ministerio del Ambiente (MAE). Durante dos meses, personal de esta Cartera de Estado recibi\u00f3 capacitaci\u00f3n en temas sobre primeros auxilios, t\u00e9cnicas de&hellip; <a href=\"https:\/\/www.ambienteyenergia.gob.ec\/ambiente\/finalizo-taller-sobre-plan-integral-de-emergencia-para-isla-santay-e-isla-del-gallo\/\">Read more &rarr;<\/a><\/p>\n","protected":false},"author":13,"featured_media":24681,"comment_status":"open","ping_status":"open","sticky":false,"template":"","format":"standard","meta":{"footnotes":""},"categories":[16,4],"tags":[],"class_list":["post-24680","post","type-post","status-publish","format-standard","has-post-thumbnail","hentry","category-comunicamos","category-noticias","xfolkentry"],"_links":{"self":[{"href":"https:\/\/www.ambienteyenergia.gob.ec\/ambiente\/wp-json\/wp\/v2\/posts\/24680","targetHints":{"allow":["GET"]}}],"collection":[{"href":"https:\/\/www.ambienteyenergia.gob.ec\/ambiente\/wp-json\/wp\/v2\/posts"}],"about":[{"href":"https:\/\/www.ambienteyenergia.gob.ec\/ambiente\/wp-json\/wp\/v2\/types\/post"}],"author":[{"embeddable":true,"href":"https:\/\/www.ambienteyenergia.gob.ec\/ambiente\/wp-json\/wp\/v2\/users\/13"}],"replies":[{"embeddable":true,"href":"https:\/\/www.ambienteyenergia.gob.ec\/ambiente\/wp-json\/wp\/v2\/comments?post=24680"}],"version-history":[{"count":0,"href":"https:\/\/www.ambienteyenergia.gob.ec\/ambiente\/wp-json\/wp\/v2\/posts\/24680\/revisions"}],"wp:featuredmedia":[{"embeddable":true,"href":"https:\/\/www.ambienteyenergia.gob.ec\/ambiente\/wp-json\/wp\/v2\/media\/24681"}],"wp:attachment":[{"href":"https:\/\/www.ambienteyenergia.gob.ec\/ambiente\/wp-json\/wp\/v2\/media?parent=24680"}],"wp:term":[{"taxonomy":"category","embeddable":true,"href":"https:\/\/www.ambienteyenergia.gob.ec\/ambiente\/wp-json\/wp\/v2\/categories?post=24680"},{"taxonomy":"post_tag","embeddable":true,"href":"https:\/\/www.ambienteyenergia.gob.ec\/ambiente\/wp-json\/wp\/v2\/tags?post=24680"}],"curies":[{"name":"wp","href":"https:\/\/api.w.org\/{rel}","templated":true}]}}