{"id":24676,"date":"2015-03-10T11:07:34","date_gmt":"2015-03-10T16:07:34","guid":{"rendered":"http:\/\/www.ambiente.gob.ec\/?p=24676"},"modified":"2015-03-10T16:49:07","modified_gmt":"2015-03-10T21:49:07","slug":"remediacion-integral-del-estero-salado-avanza-a-paso-firme","status":"publish","type":"post","link":"https:\/\/www.ambienteyenergia.gob.ec\/ambiente\/remediacion-integral-del-estero-salado-avanza-a-paso-firme\/","title":{"rendered":"Remediaci\u00f3n integral del Estero Salado avanza a paso firme"},"content":{"rendered":"<p style=\"font-style: normal; font-weight: normal;\" align=\"JUSTIFY\"><span style=\"font-family: Calibri,sans-serif;\"><span style=\"font-size: medium;\">Con el objetivo de lograr una pronta recuperaci\u00f3n del Estero Salado, el Ministerio de Ambiente de Ecuador (MAE) realiz\u00f3 diferentes actividades, durante el a\u00f1o 2014, mismas que han beneficiado a Guayaquil, tanto a nivel ambiental como social. <\/span><\/span><\/p>\n<p style=\"font-style: normal; font-weight: normal;\" align=\"JUSTIFY\"><span style=\"font-family: Calibri,sans-serif;\"><span style=\"font-size: medium;\">Los avances que se han logrado en este emblem\u00e1tico brazo de mar permitieron agilizar el proceso de recuperaci\u00f3n integral, a trav\u00e9s de un adecuado monitoreo y control de fuentes de contaminaci\u00f3n, recolecci\u00f3n de desechos, inicio de procesos administrativos, entre otros. <\/span><\/span><\/p>\n<p style=\"font-style: normal; font-weight: normal;\" align=\"JUSTIFY\"><span style=\"font-family: Calibri,sans-serif;\"><span style=\"font-size: medium;\">Como resultado de estas actividades 503,17 toneladas de desechos s\u00f3lidos fueron recolectados en los Esteros Lagarto, El Muerto, Cobina y Santa Ana, <span lang=\"es-EC\">sectores que conten\u00edan gran cantidad de desechos, mismos que fueron trasladados a espacios de disposici\u00f3n final, cumpliendo con el ciclo de recolecci\u00f3n y reciclaje de residuos s\u00f3lidos.<\/span><\/span><\/span><\/p>\n<p style=\"font-style: normal; font-weight: normal;\" align=\"JUSTIFY\"><span style=\"font-family: Calibri,sans-serif;\"><span style=\"font-size: medium;\">Tambi\u00e9n fueron excavados, extra\u00eddos y removidos 12 500 metros c\u00fabicos de sedimentos en el Estero Palanqueado, lo que ahora permite el flujo normal de agua en este estuario. <\/span><\/span><\/p>\n<p style=\"font-style: normal; font-weight: normal;\" align=\"JUSTIFY\"><span style=\"font-family: Calibri,sans-serif;\"><span style=\"font-size: medium;\">Como parte de los operativos realizados por funcionarios de esta Cartera de Estado, en conjunto con la Polic\u00eda Nacional, se sellaron 63 tuber\u00edas ilegales que contaminaban directamente a dos ramales del Estero Salado. <\/span><\/span><\/p>\n<p style=\"font-style: normal; font-weight: normal;\" align=\"JUSTIFY\"><span style=\"font-family: Calibri,sans-serif;\"><span style=\"font-size: medium;\">Adem\u00e1s se sancion\u00f3 a 80 empresas, ubicadas en las proximidades de diferentes ramales del Estero, de las cuales seis fueron suspendidas, incluyendo un centro comercial de la ciudad con el objetivo de controlar, reducir y eliminar definitivamente las fuentes de contaminaci\u00f3n originadas por descargas de aguas. <\/span><\/span><\/p>\n<p style=\"font-style: normal; font-weight: normal;\" align=\"JUSTIFY\">\u201c<span style=\"font-family: Calibri,sans-serif;\"><span style=\"font-size: medium;\">El Ministerio de Ambiente continuar\u00e1 trabajando de forma permanente en el Estero con la finalidad de entregar a los guayaquile\u00f1os un lugar en el que puedan disfrutar de un ambiente saludable, como ya lo hemos hecho antes con la Isla Santay, un lugar reconocido a nivel nacional e internacional por su modelo de gesti\u00f3n social y ambiental\u201d, coment\u00f3 Lorena Tapia N\u00fa\u00f1ez, Ministra del Ambiente de Ecuador.\/gr-ds<\/span><\/span><\/p>\n","protected":false},"excerpt":{"rendered":"<p class=\"excerpt\">Con el objetivo de lograr una pronta recuperaci\u00f3n del Estero Salado, el Ministerio de Ambiente de Ecuador (MAE) realiz\u00f3 diferentes actividades, durante el a\u00f1o 2014, mismas que han beneficiado a Guayaquil, tanto a nivel ambiental como social. Los avances que se han logrado en este emblem\u00e1tico brazo de mar permitieron agilizar el proceso de recuperaci\u00f3n integral, a trav\u00e9s de un&hellip; <a href=\"https:\/\/www.ambienteyenergia.gob.ec\/ambiente\/remediacion-integral-del-estero-salado-avanza-a-paso-firme\/\">Read more &rarr;<\/a><\/p>\n","protected":false},"author":13,"featured_media":24695,"comment_status":"open","ping_status":"open","sticky":false,"template":"","format":"standard","meta":{"footnotes":""},"categories":[16,4],"tags":[],"class_list":["post-24676","post","type-post","status-publish","format-standard","has-post-thumbnail","hentry","category-comunicamos","category-noticias","xfolkentry"],"_links":{"self":[{"href":"https:\/\/www.ambienteyenergia.gob.ec\/ambiente\/wp-json\/wp\/v2\/posts\/24676","targetHints":{"allow":["GET"]}}],"collection":[{"href":"https:\/\/www.ambienteyenergia.gob.ec\/ambiente\/wp-json\/wp\/v2\/posts"}],"about":[{"href":"https:\/\/www.ambienteyenergia.gob.ec\/ambiente\/wp-json\/wp\/v2\/types\/post"}],"author":[{"embeddable":true,"href":"https:\/\/www.ambienteyenergia.gob.ec\/ambiente\/wp-json\/wp\/v2\/users\/13"}],"replies":[{"embeddable":true,"href":"https:\/\/www.ambienteyenergia.gob.ec\/ambiente\/wp-json\/wp\/v2\/comments?post=24676"}],"version-history":[{"count":0,"href":"https:\/\/www.ambienteyenergia.gob.ec\/ambiente\/wp-json\/wp\/v2\/posts\/24676\/revisions"}],"wp:featuredmedia":[{"embeddable":true,"href":"https:\/\/www.ambienteyenergia.gob.ec\/ambiente\/wp-json\/wp\/v2\/media\/24695"}],"wp:attachment":[{"href":"https:\/\/www.ambienteyenergia.gob.ec\/ambiente\/wp-json\/wp\/v2\/media?parent=24676"}],"wp:term":[{"taxonomy":"category","embeddable":true,"href":"https:\/\/www.ambienteyenergia.gob.ec\/ambiente\/wp-json\/wp\/v2\/categories?post=24676"},{"taxonomy":"post_tag","embeddable":true,"href":"https:\/\/www.ambienteyenergia.gob.ec\/ambiente\/wp-json\/wp\/v2\/tags?post=24676"}],"curies":[{"name":"wp","href":"https:\/\/api.w.org\/{rel}","templated":true}]}}