{"id":24671,"date":"2015-03-09T15:08:23","date_gmt":"2015-03-09T20:08:23","guid":{"rendered":"http:\/\/www.ambiente.gob.ec\/?p=24671"},"modified":"2015-03-09T15:08:23","modified_gmt":"2015-03-09T20:08:23","slug":"mae-decomisa-carne-de-guangana-y-venado-en-orellana","status":"publish","type":"post","link":"https:\/\/www.ambienteyenergia.gob.ec\/ambiente\/mae-decomisa-carne-de-guangana-y-venado-en-orellana\/","title":{"rendered":"MAE decomisa carne de guangana y venado en Orellana"},"content":{"rendered":"<p style=\"text-align: justify;\">Operativos de control y vigilancia de vida silvestre contin\u00faan realiz\u00e1ndose en todo el pa\u00eds, con el fin de trabajar en la preservaci\u00f3n de todas las especies consideradas en peligro de extinci\u00f3n. Es as\u00ed que el pasado s\u00e1bado 7 de marzo, la Direcci\u00f3n Provincial del Ambiente Orellana en coordinaci\u00f3n con la Reserva Biol\u00f3gica Limoncocha, llevaron a cabo un operativo durante la feria de Pompeya, con la participaci\u00f3n de personal t\u00e9cnico del MAE y guardaparques de la RLB.<\/p>\n<p style=\"text-align: justify;\">El operativo se realiz\u00f3 de 6:00 a 10:00 y se decomis\u00f3 53 kg de carne de guangana (<em>Pecar\u00ed tajacu<\/em>) y carne de venado (<em>Mazoma gouazoubina<\/em>); la misma que estaba siendo transportada por una se\u00f1ora de nacionalidad huaorani, la cual al bajarse de un embarcaci\u00f3n fue detenida por el personal de guardaparques al ver que llevaba consigo 2 sacos de yute y en su interior carne de espec\u00edmenes de vida silvestre.<\/p>\n<p style=\"text-align: justify;\">Despu\u00e9s de realizar el acta de decomiso, el producto fue reincorporado al suelo como biomasa.<\/p>\n<p style=\"text-align: justify;\">Por su parte, el Ministerio del Ambiente recuerda a la ciudadan\u00eda que el tr\u00e1fico de especies silvestres est\u00e1 prohibido; y por lo tanto se solicita a la poblaci\u00f3n que no compre ni comercialice fauna silvestre, si conoce alg\u00fan caso puede presentar su denuncia al 1800 \u2013 AMBIENTE (2624368). \/\/MH<\/p>\n<p style=\"text-align: justify;\">\n","protected":false},"excerpt":{"rendered":"<p class=\"excerpt\">Operativos de control y vigilancia de vida silvestre contin\u00faan realiz\u00e1ndose en todo el pa\u00eds, con el fin de trabajar en la preservaci\u00f3n de todas las especies consideradas en peligro de extinci\u00f3n. Es as\u00ed que el pasado s\u00e1bado 7 de marzo, la Direcci\u00f3n Provincial del Ambiente Orellana en coordinaci\u00f3n con la Reserva Biol\u00f3gica Limoncocha, llevaron a cabo un operativo durante la&hellip; <a href=\"https:\/\/www.ambienteyenergia.gob.ec\/ambiente\/mae-decomisa-carne-de-guangana-y-venado-en-orellana\/\">Read more &rarr;<\/a><\/p>\n","protected":false},"author":13,"featured_media":24672,"comment_status":"open","ping_status":"open","sticky":false,"template":"","format":"standard","meta":{"footnotes":""},"categories":[16,4],"tags":[],"class_list":["post-24671","post","type-post","status-publish","format-standard","has-post-thumbnail","hentry","category-comunicamos","category-noticias","xfolkentry"],"_links":{"self":[{"href":"https:\/\/www.ambienteyenergia.gob.ec\/ambiente\/wp-json\/wp\/v2\/posts\/24671","targetHints":{"allow":["GET"]}}],"collection":[{"href":"https:\/\/www.ambienteyenergia.gob.ec\/ambiente\/wp-json\/wp\/v2\/posts"}],"about":[{"href":"https:\/\/www.ambienteyenergia.gob.ec\/ambiente\/wp-json\/wp\/v2\/types\/post"}],"author":[{"embeddable":true,"href":"https:\/\/www.ambienteyenergia.gob.ec\/ambiente\/wp-json\/wp\/v2\/users\/13"}],"replies":[{"embeddable":true,"href":"https:\/\/www.ambienteyenergia.gob.ec\/ambiente\/wp-json\/wp\/v2\/comments?post=24671"}],"version-history":[{"count":0,"href":"https:\/\/www.ambienteyenergia.gob.ec\/ambiente\/wp-json\/wp\/v2\/posts\/24671\/revisions"}],"wp:featuredmedia":[{"embeddable":true,"href":"https:\/\/www.ambienteyenergia.gob.ec\/ambiente\/wp-json\/wp\/v2\/media\/24672"}],"wp:attachment":[{"href":"https:\/\/www.ambienteyenergia.gob.ec\/ambiente\/wp-json\/wp\/v2\/media?parent=24671"}],"wp:term":[{"taxonomy":"category","embeddable":true,"href":"https:\/\/www.ambienteyenergia.gob.ec\/ambiente\/wp-json\/wp\/v2\/categories?post=24671"},{"taxonomy":"post_tag","embeddable":true,"href":"https:\/\/www.ambienteyenergia.gob.ec\/ambiente\/wp-json\/wp\/v2\/tags?post=24671"}],"curies":[{"name":"wp","href":"https:\/\/api.w.org\/{rel}","templated":true}]}}