{"id":24668,"date":"2015-03-09T13:06:12","date_gmt":"2015-03-09T18:06:12","guid":{"rendered":"http:\/\/www.ambiente.gob.ec\/?p=24668"},"modified":"2015-03-09T13:06:12","modified_gmt":"2015-03-09T18:06:12","slug":"mae-capacito-sobre-lineamientos-y-metodologias-de-muestreo-de-suelos-en-lago-agrio","status":"publish","type":"post","link":"https:\/\/www.ambienteyenergia.gob.ec\/ambiente\/mae-capacito-sobre-lineamientos-y-metodologias-de-muestreo-de-suelos-en-lago-agrio\/","title":{"rendered":"MAE capacit\u00f3 sobre lineamientos y metodolog\u00edas de muestreo de suelos en Lago Agrio"},"content":{"rendered":"<p style=\"margin-bottom: 0cm; line-height: 150%; text-align: justify;\" align=\"JUSTIFY\"><span lang=\"es-MX\">El Programa de Reparaci\u00f3n Ambiental y Social (PRAS), con el apoyo de la Direcci\u00f3n Nacional de Control de la Subsecretaria de Calidad Ambiental del Ministerio del Ambiente (MAE) y Petroamazonas EP, desarroll\u00f3 un taller de capacitaci\u00f3n dirigido a t\u00e9cnicos de las Direcciones Provinciales de Ambiente de Sucumb\u00edos y Orellana para definir los lineamientos y metodolog\u00edas para la toma de muestras de suelo dentro de las \u00e1reas intervenidas en el proyecto Amazon\u00eda Viva.<\/span><\/p>\n<p style=\"margin-bottom: 0cm; line-height: 150%; text-align: justify;\" align=\"JUSTIFY\"><span lang=\"es-MX\">El encuentro realizado del 24 al 26 de febrero en Lago Agrio, tuvo como objetivo analizar la informaci\u00f3n recolectada en las inspecciones de campo para establecer un proceso metodol\u00f3gico que permita normalizar los datos obtenidos de las \u00e1reas que est\u00e1n siendo remediadas por Petroamazonas EP.<\/span><\/p>\n<p style=\"margin-bottom: 0cm; line-height: 150%; text-align: justify;\" align=\"JUSTIFY\"><span lang=\"es-MX\">La remediaci\u00f3n incluye<\/span><span lang=\"es-ES\"> medidas y acciones enfocadas a restaurar afectaciones ambientales producidas por impactos ambientales negativos o da\u00f1os ambientales a consecuencia del desarrollo de actividades, obras o proyectos econ\u00f3micos o productivos. En el caso espec\u00edfico de Amazon\u00eda Viva, se refiere a los pasivos ambientales ocasionados por la industria hidrocarbur\u00edfera en a\u00f1os anteriores.<\/span><\/p>\n<p style=\"margin-bottom: 0cm; line-height: 150%; text-align: justify;\" align=\"JUSTIFY\"><span lang=\"es-ES\">En el tercer d\u00eda de taller, los funcionarios de Petroamazonas EP expusieron los criterios metodol\u00f3gicos que utilizan al realizar el muestreo en cada una de las fases del tratamiento de los suelos. Luego del intercambio de experiencias, esta Cartera de Estado, a trav\u00e9s del PRAS, actualizar\u00e1 los lineamientos que la operadora debe cumplir para la toma de muestras de suelo en todas las fases del proceso de remediaci\u00f3n. <\/span><\/p>\n<p style=\"margin-bottom: 0cm; line-height: 150%; text-align: justify;\" align=\"JUSTIFY\"><span lang=\"es-MX\">Una de las actividades del taller fue la visita a los centros de gesti\u00f3n de pasivos Shushufindi Central, Shushufindi Sur y Lago 19, operados por Petroamazonas EP. All\u00ed, los t\u00e9cnicos pudieron constatar el procedimiento t\u00e9cnico y las facilidades tecnol\u00f3gicas con las que la operadora estatal realiza la remediaci\u00f3n de suelos contaminados.<\/span><span lang=\"es-ES\">\/am-ds<\/span><\/p>\n","protected":false},"excerpt":{"rendered":"<p class=\"excerpt\">El Programa de Reparaci\u00f3n Ambiental y Social (PRAS), con el apoyo de la Direcci\u00f3n Nacional de Control de la Subsecretaria de Calidad Ambiental del Ministerio del Ambiente (MAE) y Petroamazonas EP, desarroll\u00f3 un taller de capacitaci\u00f3n dirigido a t\u00e9cnicos de las Direcciones Provinciales de Ambiente de Sucumb\u00edos y Orellana para definir los lineamientos y metodolog\u00edas para la toma de muestras&hellip; <a href=\"https:\/\/www.ambienteyenergia.gob.ec\/ambiente\/mae-capacito-sobre-lineamientos-y-metodologias-de-muestreo-de-suelos-en-lago-agrio\/\">Read more &rarr;<\/a><\/p>\n","protected":false},"author":13,"featured_media":24669,"comment_status":"open","ping_status":"open","sticky":false,"template":"","format":"standard","meta":{"footnotes":""},"categories":[16,4],"tags":[],"class_list":["post-24668","post","type-post","status-publish","format-standard","has-post-thumbnail","hentry","category-comunicamos","category-noticias","xfolkentry"],"_links":{"self":[{"href":"https:\/\/www.ambienteyenergia.gob.ec\/ambiente\/wp-json\/wp\/v2\/posts\/24668","targetHints":{"allow":["GET"]}}],"collection":[{"href":"https:\/\/www.ambienteyenergia.gob.ec\/ambiente\/wp-json\/wp\/v2\/posts"}],"about":[{"href":"https:\/\/www.ambienteyenergia.gob.ec\/ambiente\/wp-json\/wp\/v2\/types\/post"}],"author":[{"embeddable":true,"href":"https:\/\/www.ambienteyenergia.gob.ec\/ambiente\/wp-json\/wp\/v2\/users\/13"}],"replies":[{"embeddable":true,"href":"https:\/\/www.ambienteyenergia.gob.ec\/ambiente\/wp-json\/wp\/v2\/comments?post=24668"}],"version-history":[{"count":0,"href":"https:\/\/www.ambienteyenergia.gob.ec\/ambiente\/wp-json\/wp\/v2\/posts\/24668\/revisions"}],"wp:featuredmedia":[{"embeddable":true,"href":"https:\/\/www.ambienteyenergia.gob.ec\/ambiente\/wp-json\/wp\/v2\/media\/24669"}],"wp:attachment":[{"href":"https:\/\/www.ambienteyenergia.gob.ec\/ambiente\/wp-json\/wp\/v2\/media?parent=24668"}],"wp:term":[{"taxonomy":"category","embeddable":true,"href":"https:\/\/www.ambienteyenergia.gob.ec\/ambiente\/wp-json\/wp\/v2\/categories?post=24668"},{"taxonomy":"post_tag","embeddable":true,"href":"https:\/\/www.ambienteyenergia.gob.ec\/ambiente\/wp-json\/wp\/v2\/tags?post=24668"}],"curies":[{"name":"wp","href":"https:\/\/api.w.org\/{rel}","templated":true}]}}